{"id":5841,"date":"2023-08-17T23:10:04","date_gmt":"2023-08-18T02:10:04","guid":{"rendered":"https:\/\/www.abrazpe.org.br\/?p=5841"},"modified":"2023-08-17T23:10:04","modified_gmt":"2023-08-18T02:10:04","slug":"descoberta-jazida-de-marmore-de-carrara-na-regiao-de-caceres","status":"publish","type":"post","link":"https:\/\/www.abrazpe.org.br\/index.php\/2023\/08\/17\/descoberta-jazida-de-marmore-de-carrara-na-regiao-de-caceres\/","title":{"rendered":"Descoberta jazida de m\u00e1rmore de Carrara na regi\u00e3o de C\u00e1ceres"},"content":{"rendered":"<p class=\"estimated-read-time\">Tempo de leitura:<small> 1 minuto<\/small><\/p> \n<p>O secret\u00e1rio-adjunto de Minera\u00e7\u00e3o de Mato Grosso, Paulo Leite, confirmou a descoberta de uma grande mina de m\u00e1rmore de Carrara na Serra das Araras, regi\u00e3o do munic\u00edpio de C\u00e1ceres. A novidade pode impulsionar a minera\u00e7\u00e3o estadual que \u00e9 o sexto maior produtor de min\u00e9rios do Brasil.&nbsp;<\/p>\n\n\n\n<p>O an\u00fancio foi feito durante o podcast Minera MT. \u201c\u00c9 uma mina astron\u00f4mica e todos os estudos e pesquisas indicam isso. Eu vi blocos de 30 toneladas, com dureza espetacular. Algumas informa\u00e7\u00f5es indicam que \u00e9 de uma das melhores qualidades do mundo\u201d, afirma. N\u00e3o foi divulgado o tamanho da mina, mas est\u00e3o sendo realizados estudos. O m\u00e1rmore de Carrara \u00e9 usado na constru\u00e7\u00e3o civil principalmente para acabamentos de alto padr\u00e3o a pre\u00e7os que podem chegar a R$ 900 o metro quadrado.<\/p>\n\n\n\n<p>Paulo Leite comentou que o potencial da jazida s\u00f3 ser\u00e1 completamente explorado se houver o beneficiamento feito em Mato Grosso. \u201c\u00c9 bom para Mato Grosso se for beneficiado aqui, porque se for s\u00f3 explorado e levado para o Esp\u00edrito Santo ou Bahia para beneficiar, qual o interesse? Vai ser recolhida uma taxa para a Sedec (Secretaria de Estado de Desenvolvimento Econ\u00f4mico), mas n\u00f3s temos uma Zona de Processamento ao lado da mina, a menos de 40 km. N\u00f3s precisamos incentivar para essa mineradora beneficiar as pedras\u201d, afirma.<\/p>\n\n\n\n<p>A inaugura\u00e7\u00e3o da Zona de Processamento de Exporta\u00e7\u00e3o (ZPE) de<strong>\u00a0<\/strong>C\u00e1ceres<strong>,<\/strong>\u00a0que deve ocorrer em setembro deste ano, poder\u00e1 possibilitar esse beneficiamento. \u201cN\u00e3o \u00e9 s\u00f3 o emprego que a mineradora traz. Ela traz conhecimento, t\u00e9cnicos de qualidade, pessoas que conhecem o mercado internacional de pedras ornamentais e uma s\u00e9rie de outras coisas. N\u00f3s temos o min\u00e9rio e tem um custo de explora\u00e7\u00e3o dele, o custo ambiental, mas tem que ter tamb\u00e9m o retorno. Isso deve ser discutido. Tem muita coisa a ser feita\u201d, conclui.<\/p>\n\n\n\n<p><a href=\"https:\/\/www.brasilmineral.com.br\/noticias\/descoberta-jazida-de-marmore-de-carrara-na-regiao-de-caceres\">Leia mais<\/a><\/p>\n","protected":false},"excerpt":{"rendered":"<p><small> 1 minuto<\/small> O secret\u00e1rio-adjunto de Minera\u00e7\u00e3o de Mato Grosso, Paulo Leite, confirmou a descoberta de uma grande mina de m\u00e1rmore de Carrara na Serra das Araras, regi\u00e3o do munic\u00edpio de C\u00e1ceres. A novidade pode impulsionar a minera\u00e7\u00e3o estadual que \u00e9 o sexto maior produtor de min\u00e9rios do Brasil.&nbsp; O an\u00fancio foi feito durante o podcast Minera MT. \u201c\u00c9 uma mina astron\u00f4mica e todos os estudos e pesquisas indicam isso. Eu vi blocos de 30 toneladas, com dureza espetacular. Algumas informa\u00e7\u00f5es indicam que \u00e9 de <a href=\"https:\/\/www.abrazpe.org.br\/index.php\/2023\/08\/17\/descoberta-jazida-de-marmore-de-carrara-na-regiao-de-caceres\/\" class=\"more-link\"><span>Continue lendo<\/span>\u2192<\/a><\/p>\n","protected":false},"author":4,"featured_media":5842,"comment_status":"closed","ping_status":"open","sticky":false,"template":"","format":"standard","meta":{"footnotes":""},"categories":[7],"tags":[],"class_list":["entry","author-adm_hb2018","post-5841","post","type-post","status-publish","format-standard","has-post-thumbnail","category-noticias"],"_links":{"self":[{"href":"https:\/\/www.abrazpe.org.br\/index.php\/wp-json\/wp\/v2\/posts\/5841","targetHints":{"allow":["GET"]}}],"collection":[{"href":"https:\/\/www.abrazpe.org.br\/index.php\/wp-json\/wp\/v2\/posts"}],"about":[{"href":"https:\/\/www.abrazpe.org.br\/index.php\/wp-json\/wp\/v2\/types\/post"}],"author":[{"embeddable":true,"href":"https:\/\/www.abrazpe.org.br\/index.php\/wp-json\/wp\/v2\/users\/4"}],"replies":[{"embeddable":true,"href":"https:\/\/www.abrazpe.org.br\/index.php\/wp-json\/wp\/v2\/comments?post=5841"}],"version-history":[{"count":1,"href":"https:\/\/www.abrazpe.org.br\/index.php\/wp-json\/wp\/v2\/posts\/5841\/revisions"}],"predecessor-version":[{"id":5843,"href":"https:\/\/www.abrazpe.org.br\/index.php\/wp-json\/wp\/v2\/posts\/5841\/revisions\/5843"}],"wp:featuredmedia":[{"embeddable":true,"href":"https:\/\/www.abrazpe.org.br\/index.php\/wp-json\/wp\/v2\/media\/5842"}],"wp:attachment":[{"href":"https:\/\/www.abrazpe.org.br\/index.php\/wp-json\/wp\/v2\/media?parent=5841"}],"wp:term":[{"taxonomy":"category","embeddable":true,"href":"https:\/\/www.abrazpe.org.br\/index.php\/wp-json\/wp\/v2\/categories?post=5841"},{"taxonomy":"post_tag","embeddable":true,"href":"https:\/\/www.abrazpe.org.br\/index.php\/wp-json\/wp\/v2\/tags?post=5841"}],"curies":[{"name":"wp","href":"https:\/\/api.w.org\/{rel}","templated":true}]}}