{"id":5972,"date":"2023-09-27T16:36:12","date_gmt":"2023-09-27T19:36:12","guid":{"rendered":"https:\/\/www.abrazpe.org.br\/?p=5972"},"modified":"2023-09-27T16:37:10","modified_gmt":"2023-09-27T19:37:10","slug":"china-lanca-novas-medidas-para-zonas-de-livre-comercio","status":"publish","type":"post","link":"https:\/\/www.abrazpe.org.br\/index.php\/2023\/09\/27\/china-lanca-novas-medidas-para-zonas-de-livre-comercio\/","title":{"rendered":"China lan\u00e7a novas medidas para zonas de livre com\u00e9rcio"},"content":{"rendered":"<p class=\"estimated-read-time\">Tempo de leitura:<small> menos de 1 minuto<\/small><\/p> \n<p>O governo da China informou, em comunicado no site do Minist\u00e9rio do Com\u00e9rcio, que foram emitidas diretrizes oficiais para promover mais a constru\u00e7\u00e3o de zonas de livre com\u00e9rcio no pa\u00eds. A nota diz que o presidente Xi Jinping enfatizou a import\u00e2ncia de se implementar totalmente a estrat\u00e9gia piloto nessa frente, aderindo \u00e0s normas oficiais.<\/p>\n\n\n\n<p>O comunicado diz que houve um simp\u00f3sio sobre o tema, com representantes de 21 zonas de livre com\u00e9rcio, de prov\u00edncias, regi\u00f5es aut\u00f4nomas e municipalidades.<\/p>\n\n\n\n<p>Ressalta tamb\u00e9m a import\u00e2ncia de que ocorra uma \u201cabertura em alto n\u00edvel\u201d, com padr\u00f5es elevados para a economia internacional e respeito \u00e0s regras de com\u00e9rcio, bem como a promo\u00e7\u00e3o de todo o setor industrial.<\/p>\n\n\n\n<p>O assunto vem \u00e0 tona em meio a um esfor\u00e7o oficial para apoiar o crescimento. Recentemente, os governos municipais de Xangai e Pequim anunciaram relaxamento de regras para receber investimento estrangeiro direto (IED).<\/p>\n\n\n\n<p><a href=\"https:\/\/www.infomoney.com.br\/mercados\/china-lanca-novas-medidas-para-zonas-de-livre-comercio\/\">Leia mais<\/a><\/p>\n","protected":false},"excerpt":{"rendered":"<p><small> menos de 1 minuto<\/small> O governo da China informou, em comunicado no site do Minist\u00e9rio do Com\u00e9rcio, que foram emitidas diretrizes oficiais para promover mais a constru\u00e7\u00e3o de zonas de livre com\u00e9rcio no pa\u00eds. A nota diz que o presidente Xi Jinping enfatizou a import\u00e2ncia de se implementar totalmente a estrat\u00e9gia piloto nessa frente, aderindo \u00e0s normas oficiais. O comunicado diz que houve um simp\u00f3sio sobre o tema, com representantes de 21 zonas de livre com\u00e9rcio, de prov\u00edncias, regi\u00f5es aut\u00f4nomas e municipalidades. Ressalta tamb\u00e9m <a href=\"https:\/\/www.abrazpe.org.br\/index.php\/2023\/09\/27\/china-lanca-novas-medidas-para-zonas-de-livre-comercio\/\" class=\"more-link\"><span>Continue lendo<\/span>\u2192<\/a><\/p>\n","protected":false},"author":4,"featured_media":5973,"comment_status":"closed","ping_status":"open","sticky":false,"template":"","format":"standard","meta":{"footnotes":""},"categories":[7],"tags":[],"class_list":["entry","author-adm_hb2018","post-5972","post","type-post","status-publish","format-standard","has-post-thumbnail","category-noticias"],"_links":{"self":[{"href":"https:\/\/www.abrazpe.org.br\/index.php\/wp-json\/wp\/v2\/posts\/5972","targetHints":{"allow":["GET"]}}],"collection":[{"href":"https:\/\/www.abrazpe.org.br\/index.php\/wp-json\/wp\/v2\/posts"}],"about":[{"href":"https:\/\/www.abrazpe.org.br\/index.php\/wp-json\/wp\/v2\/types\/post"}],"author":[{"embeddable":true,"href":"https:\/\/www.abrazpe.org.br\/index.php\/wp-json\/wp\/v2\/users\/4"}],"replies":[{"embeddable":true,"href":"https:\/\/www.abrazpe.org.br\/index.php\/wp-json\/wp\/v2\/comments?post=5972"}],"version-history":[{"count":1,"href":"https:\/\/www.abrazpe.org.br\/index.php\/wp-json\/wp\/v2\/posts\/5972\/revisions"}],"predecessor-version":[{"id":5974,"href":"https:\/\/www.abrazpe.org.br\/index.php\/wp-json\/wp\/v2\/posts\/5972\/revisions\/5974"}],"wp:featuredmedia":[{"embeddable":true,"href":"https:\/\/www.abrazpe.org.br\/index.php\/wp-json\/wp\/v2\/media\/5973"}],"wp:attachment":[{"href":"https:\/\/www.abrazpe.org.br\/index.php\/wp-json\/wp\/v2\/media?parent=5972"}],"wp:term":[{"taxonomy":"category","embeddable":true,"href":"https:\/\/www.abrazpe.org.br\/index.php\/wp-json\/wp\/v2\/categories?post=5972"},{"taxonomy":"post_tag","embeddable":true,"href":"https:\/\/www.abrazpe.org.br\/index.php\/wp-json\/wp\/v2\/tags?post=5972"}],"curies":[{"name":"wp","href":"https:\/\/api.w.org\/{rel}","templated":true}]}}