{"id":599,"date":"2017-12-10T08:42:14","date_gmt":"2017-12-10T11:42:14","guid":{"rendered":"http:\/\/www.abrazpe.org.br\/?p=599"},"modified":"2018-02-23T08:12:09","modified_gmt":"2018-02-23T11:12:09","slug":"zpe-gera-expectativa-na-regiao","status":"publish","type":"post","link":"https:\/\/www.abrazpe.org.br\/index.php\/2017\/12\/10\/zpe-gera-expectativa-na-regiao\/","title":{"rendered":"ZPE gera expectativa na regi\u00e3o norte do Rio de Janeiro"},"content":{"rendered":"<p class=\"estimated-read-time\">Tempo de leitura:<small> menos de 1 minuto<\/small><\/p> <p>S\u00e3o Jo\u00e3o da Barra, Campos, Itaperuna, Cardoso Moreira, S\u00e3o Francisco do Itabapoana e munic\u00edpios pr\u00f3ximos est\u00e3o na rota do desenvolvimento, emprego e renda com implanta\u00e7\u00e3o da Zona de Processamento de Exporta\u00e7\u00e3o (ZPE). O projeto, que ser\u00e1 executado em \u00e1rea pr\u00f3xima ao Porto do A\u00e7u, em S\u00e3o Jo\u00e3o da Barra, foi aprovado no \u00faltimo dia 6 durante a 22\u00aa Reuni\u00e3o do Conselho Nacional das ZPEs, conduzida pelo ministro Marcos Pereira. O ministro esteve no ano passado no Porto e conheceu toda \u00e0 sua potencialidade \u2014 al\u00e9m da log\u00edstica, \u00e9 alfandegado para exporta\u00e7\u00e3o e importa\u00e7\u00e3o \u2014, quando falou pela primeira vez sobre o projeto. O pr\u00f3ximo passo ser\u00e1 a san\u00e7\u00e3o presidencial, o que deve ocorrer ainda este ano, inclusive, com fontes extraoficiais ventilando a possibilidade do presidente Michel Temer (PMDB) vir pessoalmente ao Porto do A\u00e7u assinar o documento.<\/p>\n<p><a href=\"http:\/\/www.folha1.com.br\/_conteudo\/2017\/12\/na_foz\/1228128-zpe-gera-expectativa-na-regiao.html\">Leia mais<\/a><\/p>\n<p>&nbsp;<\/p>\n","protected":false},"excerpt":{"rendered":"<p><small> menos de 1 minuto<\/small> S\u00e3o Jo\u00e3o da Barra, Campos, Itaperuna, Cardoso Moreira, S\u00e3o Francisco do Itabapoana e munic\u00edpios pr\u00f3ximos est\u00e3o na rota do desenvolvimento, emprego e renda com implanta\u00e7\u00e3o da Zona de Processamento de Exporta\u00e7\u00e3o (ZPE). O projeto, que ser\u00e1 executado em \u00e1rea pr\u00f3xima ao Porto do A\u00e7u, em S\u00e3o Jo\u00e3o da Barra, foi aprovado no \u00faltimo dia 6 durante a 22\u00aa Reuni\u00e3o do Conselho Nacional das ZPEs, conduzida pelo ministro Marcos Pereira. O ministro esteve no ano passado no Porto e conheceu toda <a href=\"https:\/\/www.abrazpe.org.br\/index.php\/2017\/12\/10\/zpe-gera-expectativa-na-regiao\/\" class=\"more-link\"><span>Continue lendo<\/span>\u2192<\/a><\/p>\n","protected":false},"author":4,"featured_media":0,"comment_status":"closed","ping_status":"open","sticky":false,"template":"","format":"standard","meta":{"footnotes":""},"categories":[7],"tags":[],"class_list":["entry","author-adm_hb2018","post-599","post","type-post","status-publish","format-standard","category-noticias"],"_links":{"self":[{"href":"https:\/\/www.abrazpe.org.br\/index.php\/wp-json\/wp\/v2\/posts\/599","targetHints":{"allow":["GET"]}}],"collection":[{"href":"https:\/\/www.abrazpe.org.br\/index.php\/wp-json\/wp\/v2\/posts"}],"about":[{"href":"https:\/\/www.abrazpe.org.br\/index.php\/wp-json\/wp\/v2\/types\/post"}],"author":[{"embeddable":true,"href":"https:\/\/www.abrazpe.org.br\/index.php\/wp-json\/wp\/v2\/users\/4"}],"replies":[{"embeddable":true,"href":"https:\/\/www.abrazpe.org.br\/index.php\/wp-json\/wp\/v2\/comments?post=599"}],"version-history":[{"count":2,"href":"https:\/\/www.abrazpe.org.br\/index.php\/wp-json\/wp\/v2\/posts\/599\/revisions"}],"predecessor-version":[{"id":1285,"href":"https:\/\/www.abrazpe.org.br\/index.php\/wp-json\/wp\/v2\/posts\/599\/revisions\/1285"}],"wp:attachment":[{"href":"https:\/\/www.abrazpe.org.br\/index.php\/wp-json\/wp\/v2\/media?parent=599"}],"wp:term":[{"taxonomy":"category","embeddable":true,"href":"https:\/\/www.abrazpe.org.br\/index.php\/wp-json\/wp\/v2\/categories?post=599"},{"taxonomy":"post_tag","embeddable":true,"href":"https:\/\/www.abrazpe.org.br\/index.php\/wp-json\/wp\/v2\/tags?post=599"}],"curies":[{"name":"wp","href":"https:\/\/api.w.org\/{rel}","templated":true}]}}