{"id":5996,"date":"2023-10-10T18:57:40","date_gmt":"2023-10-10T21:57:40","guid":{"rendered":"https:\/\/www.abrazpe.org.br\/?p=5996"},"modified":"2023-10-10T18:58:40","modified_gmt":"2023-10-10T21:58:40","slug":"acre-regulariza-areas-de-zpe-e-abre-caminho-para-investidores","status":"publish","type":"post","link":"https:\/\/www.abrazpe.org.br\/index.php\/2023\/10\/10\/acre-regulariza-areas-de-zpe-e-abre-caminho-para-investidores\/","title":{"rendered":"Acre regulariza \u00e1reas de ZPE e abre caminho para investidores"},"content":{"rendered":"<p class=\"estimated-read-time\">Tempo de leitura:<small> 2 minutos<\/small><\/p> \n<p>O governo do Acre, por meio da Secretaria de Estado de Ind\u00fastria, Ci\u00eancia e Tecnologia (Seict), tornou a Administra\u00e7\u00e3o da Zona de Processamento de Exporta\u00e7\u00e3o (AZPE) totalmente regularizada, com mais 52 escrituras p\u00fablicas entregues na manh\u00e3 desta segunda-feira, 9, em Senador Guiomard. O governador Gladson Cameli assinou os atos registrais que possibilitaram a regulariza\u00e7\u00e3o das \u00e1reas que ser\u00e3o ocupadas por ind\u00fastrias ou empresas na AZPE.<\/p>\n\n\n\n<p>\u201c\u00c9 preciso que a popula\u00e7\u00e3o entenda a import\u00e2ncia dessa uni\u00e3o pelo desenvolvimento do estado\u201d, disse o governador Gladson Cameli, no evento que tamb\u00e9m foi marcado pela entrega de 520 t\u00edtulos definitivos para moradores de \u00e1reas urbanas do munic\u00edpio. O ato fez parte da Semana Nacional de Regulariza\u00e7\u00e3o Fundi\u00e1ria, uma parceria entre o governo do Estado, por meio do Instituto de Terras do Acre (Iteracre), e o Tribunal de Justi\u00e7a do Estado do Acre (TJAC).<\/p>\n\n\n\n<p>O programa visa ao estabelecimento e \u00e0 manuten\u00e7\u00e3o de di\u00e1logo permanente entre a administra\u00e7\u00e3o p\u00fablica e a sociedade para o enfrentamento da grilagem de terras. O programa tamb\u00e9m tem como objetivo fortalecer a governan\u00e7a fundi\u00e1ria, a promo\u00e7\u00e3o da Justi\u00e7a, o acesso regular \u00e0 terra, a seguran\u00e7a jur\u00eddica e a prote\u00e7\u00e3o ambiental.<\/p>\n\n\n\n<p>A Corregedoria do TJAC empreendeu esfor\u00e7os junto \u00e0 Serventia de Registro de Im\u00f3veis da Comarca de Senador Guiomard, para garantir os registros de escrituras p\u00fablicas. Com as novas matr\u00edculas, 116 lotes est\u00e3o regularizados e prontos para receber os investimentos.<\/p>\n\n\n\n<p>\u201cA AZPE faz parte da estrat\u00e9gia do Estado para atrair novos investimentos. Sa\u00edmos de um total de 52 para 116 lotes com matr\u00edculas individualizadas. Isso representa seguran\u00e7a jur\u00eddica para quem deseja empreender e um avan\u00e7o na pol\u00edtica de industrializa\u00e7\u00e3o. S\u00f3 temos que agradecer o governador Gladson Cameli pela vis\u00e3o, o Iteracre pelo incans\u00e1vel trabalho e todos os parceiros envolvidos nesta a\u00e7\u00e3o\u201d, disse o titular da Seict, Assurban\u00edpal Mesquita.<\/p>\n\n\n\n<p>O presidente da AZPE, Allan de Lima, lembrou que recentemente o projeto da zona de exporta\u00e7\u00e3o foi apresentado a investidores chineses na Miss\u00e3o Comercial de Empres\u00e1rios Brasileiros em uma agenda em Lima, no Peru. \u201cCom as escrituras nos tornamos ainda mais atrativos para receber investidores. A AZPE faz parte da rota interoce\u00e2nica\u201d, observou.<\/p>\n\n\n\n<p>Segundo o presidente da Assembleia Legislativa do Acre, deputado Luiz Gonzaga, o Estado est\u00e1 de parab\u00e9ns pela iniciativa, afirmando que em breve o setor estar\u00e1 em pleno funcionamento para a gera\u00e7\u00e3o de mais emprego e renda. \u201cQueremos parabenizar o governador Gladson Cameli e toda a equipe do Iteracre por mais essa a\u00e7\u00e3o, que colabora com a pol\u00edtica de com\u00e9rcio exterior em que estamos trabalhando em parceria, envolvendo as federa\u00e7\u00f5es e associa\u00e7\u00f5es comerciais pelo desenvolvimento do Acre\u201d, afirmou.<\/p>\n\n\n\n<p class=\"has-small-font-size\"><strong>Fonte: Acre.gov.br | Foto: Divulga\u00e7\u00e3o\/SECOM<\/strong><\/p>\n","protected":false},"excerpt":{"rendered":"<p><small> 2 minutos<\/small> O governo do Acre, por meio da Secretaria de Estado de Ind\u00fastria, Ci\u00eancia e Tecnologia (Seict), tornou a Administra\u00e7\u00e3o da Zona de Processamento de Exporta\u00e7\u00e3o (AZPE) totalmente regularizada, com mais 52 escrituras p\u00fablicas entregues na manh\u00e3 desta segunda-feira, 9, em Senador Guiomard. O governador Gladson Cameli assinou os atos registrais que possibilitaram a regulariza\u00e7\u00e3o das \u00e1reas que ser\u00e3o ocupadas por ind\u00fastrias ou empresas na AZPE. \u201c\u00c9 preciso que a popula\u00e7\u00e3o entenda a import\u00e2ncia dessa uni\u00e3o pelo desenvolvimento do estado\u201d, disse o governador <a href=\"https:\/\/www.abrazpe.org.br\/index.php\/2023\/10\/10\/acre-regulariza-areas-de-zpe-e-abre-caminho-para-investidores\/\" class=\"more-link\"><span>Continue lendo<\/span>\u2192<\/a><\/p>\n","protected":false},"author":6,"featured_media":5997,"comment_status":"closed","ping_status":"open","sticky":false,"template":"","format":"standard","meta":{"footnotes":""},"categories":[7],"tags":[72,65,145,80,74],"class_list":["entry","author-fpx","post-5996","post","type-post","status-publish","format-standard","has-post-thumbnail","category-noticias","tag-abrazpe","tag-acre","tag-azpe","tag-comercio-exterior","tag-zpe"],"_links":{"self":[{"href":"https:\/\/www.abrazpe.org.br\/index.php\/wp-json\/wp\/v2\/posts\/5996","targetHints":{"allow":["GET"]}}],"collection":[{"href":"https:\/\/www.abrazpe.org.br\/index.php\/wp-json\/wp\/v2\/posts"}],"about":[{"href":"https:\/\/www.abrazpe.org.br\/index.php\/wp-json\/wp\/v2\/types\/post"}],"author":[{"embeddable":true,"href":"https:\/\/www.abrazpe.org.br\/index.php\/wp-json\/wp\/v2\/users\/6"}],"replies":[{"embeddable":true,"href":"https:\/\/www.abrazpe.org.br\/index.php\/wp-json\/wp\/v2\/comments?post=5996"}],"version-history":[{"count":2,"href":"https:\/\/www.abrazpe.org.br\/index.php\/wp-json\/wp\/v2\/posts\/5996\/revisions"}],"predecessor-version":[{"id":5999,"href":"https:\/\/www.abrazpe.org.br\/index.php\/wp-json\/wp\/v2\/posts\/5996\/revisions\/5999"}],"wp:featuredmedia":[{"embeddable":true,"href":"https:\/\/www.abrazpe.org.br\/index.php\/wp-json\/wp\/v2\/media\/5997"}],"wp:attachment":[{"href":"https:\/\/www.abrazpe.org.br\/index.php\/wp-json\/wp\/v2\/media?parent=5996"}],"wp:term":[{"taxonomy":"category","embeddable":true,"href":"https:\/\/www.abrazpe.org.br\/index.php\/wp-json\/wp\/v2\/categories?post=5996"},{"taxonomy":"post_tag","embeddable":true,"href":"https:\/\/www.abrazpe.org.br\/index.php\/wp-json\/wp\/v2\/tags?post=5996"}],"curies":[{"name":"wp","href":"https:\/\/api.w.org\/{rel}","templated":true}]}}