{"id":6137,"date":"2023-12-12T10:15:26","date_gmt":"2023-12-12T13:15:26","guid":{"rendered":"https:\/\/www.abrazpe.org.br\/?p=6137"},"modified":"2023-12-12T10:15:26","modified_gmt":"2023-12-12T13:15:26","slug":"presidente-da-abrazpe-destaca-avancos-e-aguarda-instalacao-de-zpe-no-maranhao","status":"publish","type":"post","link":"https:\/\/www.abrazpe.org.br\/index.php\/2023\/12\/12\/presidente-da-abrazpe-destaca-avancos-e-aguarda-instalacao-de-zpe-no-maranhao\/","title":{"rendered":"Presidente da ABRAZPE destaca avan\u00e7os e aguarda instala\u00e7\u00e3o de ZPE no Maranh\u00e3o"},"content":{"rendered":"<p class=\"estimated-read-time\">Tempo de leitura:<small> 1 minuto<\/small><\/p> \n<p>O presidente da Associa\u00e7\u00e3o Brasileira de Zonas de Processamento de Exporta\u00e7\u00e3o (ABRAZPE), Helson Braga, foi recebido nesta segunda-feira (11), na sede da Secretaria de Desenvolvimento Econ\u00f4mico e Programas Estrat\u00e9gicos (SEDEPE) pelo secret\u00e1rio e ex-governador Jos\u00e9 Reinaldo Tavares e pelo vice-presidente executivo da Federa\u00e7\u00e3o das Ind\u00fastrias do Estado do Maranh\u00e3o (FIEMA), Luiz Fernando Renner. O staff de superintendentes e assessores-chefes da SEDEPE tamb\u00e9m participou do encontro.<\/p>\n\n\n\n<p>Helson Braga destacou a import\u00e2ncia da instala\u00e7\u00e3o da ZPE do Maranh\u00e3o, que aguarda apenas a autoriza\u00e7\u00e3o do Governo Federal para sua instala\u00e7\u00e3o. Sob a coordena\u00e7\u00e3o do superintendente de Planejamento e Desenvolvimento Econ\u00f4mico, Pedro Rocha Neto, uma robusta documenta\u00e7\u00e3o foi enviada ao Minist\u00e9rio da Economia para que todas as exig\u00eancias fossem cumpridas.<\/p>\n\n\n\n<p>Em maio do ano passado, houve a cria\u00e7\u00e3o de uma Comiss\u00e3o Estadual exclusiva para agilizar o processo. Em outubro deste ano, o governador Carlos Brand\u00e3o, acompanhado do secret\u00e1rio Jos\u00e9 Reinaldo e do vice-presidente executivo da FIEMA, Fernando Renner, chegou a se reunir com o vice-presidente da Rep\u00fablica e ministro do Desenvolvimento, Ind\u00fastria e Com\u00e9rcio, Geraldo Alckmin, para reivindicar a aprova\u00e7\u00e3o do projeto.<\/p>\n\n\n\n<figure class=\"wp-block-gallery has-nested-images columns-default is-cropped wp-block-gallery-1 is-layout-flex wp-block-gallery-is-layout-flex\">\n<figure class=\"wp-block-image size-large\"><img loading=\"lazy\" decoding=\"async\" width=\"1024\" height=\"683\" data-id=\"6139\" src=\"https:\/\/www.abrazpe.org.br\/wp-content\/uploads\/2023\/12\/409637892_1028864785052372_4204880765579221583_n-1024x683.jpg\" alt=\"\" class=\"wp-image-6139\" srcset=\"https:\/\/www.abrazpe.org.br\/wp-content\/uploads\/2023\/12\/409637892_1028864785052372_4204880765579221583_n-1024x683.jpg 1024w, https:\/\/www.abrazpe.org.br\/wp-content\/uploads\/2023\/12\/409637892_1028864785052372_4204880765579221583_n-300x200.jpg 300w, https:\/\/www.abrazpe.org.br\/wp-content\/uploads\/2023\/12\/409637892_1028864785052372_4204880765579221583_n-768x512.jpg 768w, https:\/\/www.abrazpe.org.br\/wp-content\/uploads\/2023\/12\/409637892_1028864785052372_4204880765579221583_n-370x247.jpg 370w, https:\/\/www.abrazpe.org.br\/wp-content\/uploads\/2023\/12\/409637892_1028864785052372_4204880765579221583_n-970x647.jpg 970w, https:\/\/www.abrazpe.org.br\/wp-content\/uploads\/2023\/12\/409637892_1028864785052372_4204880765579221583_n.jpg 1065w\" sizes=\"auto, (max-width: 1024px) 100vw, 1024px\" \/><\/figure>\n\n\n\n<figure class=\"wp-block-image size-large\"><img loading=\"lazy\" decoding=\"async\" width=\"1024\" height=\"683\" data-id=\"6140\" src=\"https:\/\/www.abrazpe.org.br\/wp-content\/uploads\/2023\/12\/410140280_1815259532265973_7163716512085135771_n-1024x683.jpg\" alt=\"\" class=\"wp-image-6140\" srcset=\"https:\/\/www.abrazpe.org.br\/wp-content\/uploads\/2023\/12\/410140280_1815259532265973_7163716512085135771_n-1024x683.jpg 1024w, https:\/\/www.abrazpe.org.br\/wp-content\/uploads\/2023\/12\/410140280_1815259532265973_7163716512085135771_n-300x200.jpg 300w, https:\/\/www.abrazpe.org.br\/wp-content\/uploads\/2023\/12\/410140280_1815259532265973_7163716512085135771_n-768x512.jpg 768w, https:\/\/www.abrazpe.org.br\/wp-content\/uploads\/2023\/12\/410140280_1815259532265973_7163716512085135771_n-370x247.jpg 370w, https:\/\/www.abrazpe.org.br\/wp-content\/uploads\/2023\/12\/410140280_1815259532265973_7163716512085135771_n-970x647.jpg 970w, https:\/\/www.abrazpe.org.br\/wp-content\/uploads\/2023\/12\/410140280_1815259532265973_7163716512085135771_n.jpg 1065w\" sizes=\"auto, (max-width: 1024px) 100vw, 1024px\" \/><\/figure>\n\n\n\n<figure class=\"wp-block-image size-large\"><img loading=\"lazy\" decoding=\"async\" width=\"1024\" height=\"683\" data-id=\"6141\" src=\"https:\/\/www.abrazpe.org.br\/wp-content\/uploads\/2023\/12\/410121937_7390761970942632_723468477764274351_n-1024x683.jpg\" alt=\"\" class=\"wp-image-6141\" srcset=\"https:\/\/www.abrazpe.org.br\/wp-content\/uploads\/2023\/12\/410121937_7390761970942632_723468477764274351_n-1024x683.jpg 1024w, https:\/\/www.abrazpe.org.br\/wp-content\/uploads\/2023\/12\/410121937_7390761970942632_723468477764274351_n-300x200.jpg 300w, https:\/\/www.abrazpe.org.br\/wp-content\/uploads\/2023\/12\/410121937_7390761970942632_723468477764274351_n-768x512.jpg 768w, https:\/\/www.abrazpe.org.br\/wp-content\/uploads\/2023\/12\/410121937_7390761970942632_723468477764274351_n-370x247.jpg 370w, https:\/\/www.abrazpe.org.br\/wp-content\/uploads\/2023\/12\/410121937_7390761970942632_723468477764274351_n-970x647.jpg 970w, https:\/\/www.abrazpe.org.br\/wp-content\/uploads\/2023\/12\/410121937_7390761970942632_723468477764274351_n.jpg 1065w\" sizes=\"auto, (max-width: 1024px) 100vw, 1024px\" \/><\/figure>\n\n\n\n<figure class=\"wp-block-image size-large\"><img loading=\"lazy\" decoding=\"async\" width=\"1024\" height=\"683\" data-id=\"6142\" src=\"https:\/\/www.abrazpe.org.br\/wp-content\/uploads\/2023\/12\/409413683_1469710493875084_3031270097119718656_n-1024x683.jpg\" alt=\"\" class=\"wp-image-6142\" srcset=\"https:\/\/www.abrazpe.org.br\/wp-content\/uploads\/2023\/12\/409413683_1469710493875084_3031270097119718656_n-1024x683.jpg 1024w, https:\/\/www.abrazpe.org.br\/wp-content\/uploads\/2023\/12\/409413683_1469710493875084_3031270097119718656_n-300x200.jpg 300w, https:\/\/www.abrazpe.org.br\/wp-content\/uploads\/2023\/12\/409413683_1469710493875084_3031270097119718656_n-768x512.jpg 768w, https:\/\/www.abrazpe.org.br\/wp-content\/uploads\/2023\/12\/409413683_1469710493875084_3031270097119718656_n-370x247.jpg 370w, https:\/\/www.abrazpe.org.br\/wp-content\/uploads\/2023\/12\/409413683_1469710493875084_3031270097119718656_n-970x647.jpg 970w, https:\/\/www.abrazpe.org.br\/wp-content\/uploads\/2023\/12\/409413683_1469710493875084_3031270097119718656_n.jpg 1065w\" sizes=\"auto, (max-width: 1024px) 100vw, 1024px\" \/><\/figure>\n\n\n\n<figure class=\"wp-block-image size-large\"><img loading=\"lazy\" decoding=\"async\" width=\"1024\" height=\"683\" data-id=\"6143\" src=\"https:\/\/www.abrazpe.org.br\/wp-content\/uploads\/2023\/12\/409660997_877939300542731_4997864107076802011_n-1024x683.jpg\" alt=\"\" class=\"wp-image-6143\" srcset=\"https:\/\/www.abrazpe.org.br\/wp-content\/uploads\/2023\/12\/409660997_877939300542731_4997864107076802011_n-1024x683.jpg 1024w, https:\/\/www.abrazpe.org.br\/wp-content\/uploads\/2023\/12\/409660997_877939300542731_4997864107076802011_n-300x200.jpg 300w, https:\/\/www.abrazpe.org.br\/wp-content\/uploads\/2023\/12\/409660997_877939300542731_4997864107076802011_n-768x512.jpg 768w, https:\/\/www.abrazpe.org.br\/wp-content\/uploads\/2023\/12\/409660997_877939300542731_4997864107076802011_n-370x247.jpg 370w, https:\/\/www.abrazpe.org.br\/wp-content\/uploads\/2023\/12\/409660997_877939300542731_4997864107076802011_n-970x647.jpg 970w, https:\/\/www.abrazpe.org.br\/wp-content\/uploads\/2023\/12\/409660997_877939300542731_4997864107076802011_n.jpg 1065w\" sizes=\"auto, (max-width: 1024px) 100vw, 1024px\" \/><\/figure>\n<\/figure>\n\n\n\n<p class=\"has-small-font-size\"><strong>Fotos: Divulga\u00e7\u00e3o\/SEDEPE-MA<\/strong><\/p>\n","protected":false},"excerpt":{"rendered":"<p><small> 1 minuto<\/small> O presidente da Associa\u00e7\u00e3o Brasileira de Zonas de Processamento de Exporta\u00e7\u00e3o (ABRAZPE), Helson Braga, foi recebido nesta segunda-feira (11), na sede da Secretaria de Desenvolvimento Econ\u00f4mico e Programas Estrat\u00e9gicos (SEDEPE) pelo secret\u00e1rio e ex-governador Jos\u00e9 Reinaldo Tavares e pelo vice-presidente executivo da Federa\u00e7\u00e3o das Ind\u00fastrias do Estado do Maranh\u00e3o (FIEMA), Luiz Fernando Renner. O staff de superintendentes e assessores-chefes da SEDEPE tamb\u00e9m participou do encontro. Helson Braga destacou a import\u00e2ncia da instala\u00e7\u00e3o da ZPE do Maranh\u00e3o, que aguarda apenas a autoriza\u00e7\u00e3o do <a href=\"https:\/\/www.abrazpe.org.br\/index.php\/2023\/12\/12\/presidente-da-abrazpe-destaca-avancos-e-aguarda-instalacao-de-zpe-no-maranhao\/\" class=\"more-link\"><span>Continue lendo<\/span>\u2192<\/a><\/p>\n","protected":false},"author":6,"featured_media":6138,"comment_status":"closed","ping_status":"open","sticky":false,"template":"","format":"standard","meta":{"footnotes":""},"categories":[7],"tags":[72,136,139,141,74],"class_list":["entry","author-fpx","post-6137","post","type-post","status-publish","format-standard","has-post-thumbnail","category-noticias","tag-abrazpe","tag-helson-braga","tag-maranhao","tag-sedepe","tag-zpe"],"_links":{"self":[{"href":"https:\/\/www.abrazpe.org.br\/index.php\/wp-json\/wp\/v2\/posts\/6137","targetHints":{"allow":["GET"]}}],"collection":[{"href":"https:\/\/www.abrazpe.org.br\/index.php\/wp-json\/wp\/v2\/posts"}],"about":[{"href":"https:\/\/www.abrazpe.org.br\/index.php\/wp-json\/wp\/v2\/types\/post"}],"author":[{"embeddable":true,"href":"https:\/\/www.abrazpe.org.br\/index.php\/wp-json\/wp\/v2\/users\/6"}],"replies":[{"embeddable":true,"href":"https:\/\/www.abrazpe.org.br\/index.php\/wp-json\/wp\/v2\/comments?post=6137"}],"version-history":[{"count":2,"href":"https:\/\/www.abrazpe.org.br\/index.php\/wp-json\/wp\/v2\/posts\/6137\/revisions"}],"predecessor-version":[{"id":6145,"href":"https:\/\/www.abrazpe.org.br\/index.php\/wp-json\/wp\/v2\/posts\/6137\/revisions\/6145"}],"wp:featuredmedia":[{"embeddable":true,"href":"https:\/\/www.abrazpe.org.br\/index.php\/wp-json\/wp\/v2\/media\/6138"}],"wp:attachment":[{"href":"https:\/\/www.abrazpe.org.br\/index.php\/wp-json\/wp\/v2\/media?parent=6137"}],"wp:term":[{"taxonomy":"category","embeddable":true,"href":"https:\/\/www.abrazpe.org.br\/index.php\/wp-json\/wp\/v2\/categories?post=6137"},{"taxonomy":"post_tag","embeddable":true,"href":"https:\/\/www.abrazpe.org.br\/index.php\/wp-json\/wp\/v2\/tags?post=6137"}],"curies":[{"name":"wp","href":"https:\/\/api.w.org\/{rel}","templated":true}]}}