{"id":6449,"date":"2024-04-04T11:10:14","date_gmt":"2024-04-04T14:10:14","guid":{"rendered":"https:\/\/www.abrazpe.org.br\/?p=6449"},"modified":"2024-04-04T11:10:15","modified_gmt":"2024-04-04T14:10:15","slug":"zpe-ceara-tera-area-para-startups-e-data-center-diz-novo-presidente","status":"publish","type":"post","link":"https:\/\/www.abrazpe.org.br\/index.php\/2024\/04\/04\/zpe-ceara-tera-area-para-startups-e-data-center-diz-novo-presidente\/","title":{"rendered":"ZPE Cear\u00e1 ter\u00e1 \u00e1rea para startups e data center, diz novo presidente"},"content":{"rendered":"<p class=\"estimated-read-time\">Tempo de leitura:<small> 1 minuto<\/small><\/p> \n<p>Sob novo comando desde mar\u00e7o, quando tomou posse o presidente\u00a0H\u00e9lio Leit\u00e3o, a ZPE Cear\u00e1 (Zona de Processamento de Exporta\u00e7\u00e3o) prepara a cria\u00e7\u00e3o de uma \u00e1rea exclusiva para abrigar startups, no setor 3 do equipamento.<\/p>\n\n\n\n<p>A novidade faz parte de um pacote de a\u00e7\u00f5es para dinamizar a empresa, que \u00e9 a ZPE pioneira do Brasil, com 10 anos de opera\u00e7\u00e3o. Segundo Leit\u00e3o, em\u00a0entrevista exclusiva\u00a0ao Sistema Verdes Mares, tamb\u00e9m est\u00e1 prevista a constru\u00e7\u00e3o de um data center, que ficar\u00e1 no setor 2.<\/p>\n\n\n\n<p>A ideia \u00e9 prospectar empresas com forte DNA de inova\u00e7\u00e3o, que ofere\u00e7am solu\u00e7\u00f5es, produtos e servi\u00e7os com alto teor tecnol\u00f3gico e de valor agregado. Esse novo bra\u00e7o da ZPE ser\u00e1 apresentado em um evento em S\u00e3o Paulo, onde ser\u00e3o propagadas as vantagens de se instalar nesse tipo de \u00e1rea especial.<\/p>\n\n\n\n<h2 class=\"wp-block-heading has-regular-font-size\"><strong>Data center<\/strong><\/h2>\n\n\n\n<p>J\u00e1 o data center ser\u00e1 voltado para armazenamento e movimenta\u00e7\u00e3o de dados e seguran\u00e7a de informa\u00e7\u00e3o de grandes corpora\u00e7\u00f5es do exterior.\u00a0A estrutura poder\u00e1 demandar at\u00e9 700mW de energia por ano, com potencial utiliza\u00e7\u00e3o da energia renov\u00e1vel oferecido pelo Estado.<\/p>\n\n\n\n<h2 class=\"wp-block-heading has-regular-font-size\"><strong>5G no Complexo<\/strong><\/h2>\n\n\n\n<p>Tamb\u00e9m est\u00e1 no radar ampliar a conectividade da \u00e1rea do Complexo do Pec\u00e9m, onde hoje empresas e funcion\u00e1rios enfrentam dificuldades para acessar internet de qualidade.<\/p>\n\n\n\n<p>&#8220;Hoje n\u00f3s temos equipamentos de \u00faltima gera\u00e7\u00e3o no Complexo, ent\u00e3o, a gente precisa ter uma boa conectividade na \u00e1rea. Eu estive em Bras\u00edlia, em reuni\u00e3o com a Anatel e j\u00e1 h\u00e1 um compromisso para garantir um 5G em toda aquela regi\u00e3o&#8221;, diz Leit\u00e3o.<\/p>\n\n\n\n<p class=\"has-small-font-size\"><strong>Fonte e Foto: Di\u00e1rio do Nordeste<\/strong><\/p>\n","protected":false},"excerpt":{"rendered":"<p><small> 1 minuto<\/small> Sob novo comando desde mar\u00e7o, quando tomou posse o presidente\u00a0H\u00e9lio Leit\u00e3o, a ZPE Cear\u00e1 (Zona de Processamento de Exporta\u00e7\u00e3o) prepara a cria\u00e7\u00e3o de uma \u00e1rea exclusiva para abrigar startups, no setor 3 do equipamento. A novidade faz parte de um pacote de a\u00e7\u00f5es para dinamizar a empresa, que \u00e9 a ZPE pioneira do Brasil, com 10 anos de opera\u00e7\u00e3o. Segundo Leit\u00e3o, em\u00a0entrevista exclusiva\u00a0ao Sistema Verdes Mares, tamb\u00e9m est\u00e1 prevista a constru\u00e7\u00e3o de um data center, que ficar\u00e1 no setor 2. A ideia <a href=\"https:\/\/www.abrazpe.org.br\/index.php\/2024\/04\/04\/zpe-ceara-tera-area-para-startups-e-data-center-diz-novo-presidente\/\" class=\"more-link\"><span>Continue lendo<\/span>\u2192<\/a><\/p>\n","protected":false},"author":6,"featured_media":6450,"comment_status":"closed","ping_status":"open","sticky":false,"template":"","format":"standard","meta":{"footnotes":""},"categories":[7],"tags":[72,80,211,118,74,168],"class_list":["entry","author-fpx","post-6449","post","type-post","status-publish","format-standard","has-post-thumbnail","category-noticias","tag-abrazpe","tag-comercio-exterior","tag-helio-leitao","tag-nordeste","tag-zpe","tag-zpe-ceara"],"_links":{"self":[{"href":"https:\/\/www.abrazpe.org.br\/index.php\/wp-json\/wp\/v2\/posts\/6449","targetHints":{"allow":["GET"]}}],"collection":[{"href":"https:\/\/www.abrazpe.org.br\/index.php\/wp-json\/wp\/v2\/posts"}],"about":[{"href":"https:\/\/www.abrazpe.org.br\/index.php\/wp-json\/wp\/v2\/types\/post"}],"author":[{"embeddable":true,"href":"https:\/\/www.abrazpe.org.br\/index.php\/wp-json\/wp\/v2\/users\/6"}],"replies":[{"embeddable":true,"href":"https:\/\/www.abrazpe.org.br\/index.php\/wp-json\/wp\/v2\/comments?post=6449"}],"version-history":[{"count":1,"href":"https:\/\/www.abrazpe.org.br\/index.php\/wp-json\/wp\/v2\/posts\/6449\/revisions"}],"predecessor-version":[{"id":6451,"href":"https:\/\/www.abrazpe.org.br\/index.php\/wp-json\/wp\/v2\/posts\/6449\/revisions\/6451"}],"wp:featuredmedia":[{"embeddable":true,"href":"https:\/\/www.abrazpe.org.br\/index.php\/wp-json\/wp\/v2\/media\/6450"}],"wp:attachment":[{"href":"https:\/\/www.abrazpe.org.br\/index.php\/wp-json\/wp\/v2\/media?parent=6449"}],"wp:term":[{"taxonomy":"category","embeddable":true,"href":"https:\/\/www.abrazpe.org.br\/index.php\/wp-json\/wp\/v2\/categories?post=6449"},{"taxonomy":"post_tag","embeddable":true,"href":"https:\/\/www.abrazpe.org.br\/index.php\/wp-json\/wp\/v2\/tags?post=6449"}],"curies":[{"name":"wp","href":"https:\/\/api.w.org\/{rel}","templated":true}]}}