{"id":6469,"date":"2024-04-12T08:55:44","date_gmt":"2024-04-12T11:55:44","guid":{"rendered":"https:\/\/www.abrazpe.org.br\/?p=6469"},"modified":"2024-04-12T08:56:00","modified_gmt":"2024-04-12T11:56:00","slug":"governos-do-acre-e-rondonia-embarcam-para-china-em-agenda-de-comercio-exterior-em-guangzhou","status":"publish","type":"post","link":"https:\/\/www.abrazpe.org.br\/index.php\/2024\/04\/12\/governos-do-acre-e-rondonia-embarcam-para-china-em-agenda-de-comercio-exterior-em-guangzhou\/","title":{"rendered":"Governos do Acre e Rond\u00f4nia embarcam para China em agenda de com\u00e9rcio exterior em Guangzhou"},"content":{"rendered":"<p class=\"estimated-read-time\">Tempo de leitura:<small> 2 minutos<\/small><\/p> \n<p>Uma representa\u00e7\u00e3o do governo do Acre, por meio da Secretaria de Estado de Ind\u00fastria, Ci\u00eancia e Tecnologia (Seict), embarca neste s\u00e1bado, 13, com a delega\u00e7\u00e3o Acre-Rond\u00f4nia, para Guangzhou, na China, onde participar\u00e1 da Canton Fair (Feira de Cant\u00e3o) e de agenda de com\u00e9rcio exterior.<\/p>\n\n\n\n<p>A miss\u00e3o \u2013 uma iniciativa do Sebrae\/AC com federa\u00e7\u00f5es e associa\u00e7\u00f5es do setor produtivo \u2013&nbsp; visa \u00e0 prospec\u00e7\u00e3o de novas oportunidades de neg\u00f3cio com empres\u00e1rios asi\u00e1ticos que pretendem expandir os seus mercados a partir do Terminal Portu\u00e1rio Multiusos de Chancay (na costa do Oceano Pac\u00edfico) em Lima, no Peru, que ser\u00e1 inaugurado em novembro.<\/p>\n\n\n\n<p>O titular da Seict, Assurban\u00edpal Mesquita, que representar\u00e1 o Estado na miss\u00e3o, destaca que o objetivo \u00e9 promover a rota Quadrante Rondon \u2013 apresentada como priorit\u00e1ria pela ministra do Planejamento e Or\u00e7amento, Simone Tebet, em Rio Branco, na \u00faltima ter\u00e7a-feira, 9, com o objetivo de garantir o escoamento da importa\u00e7\u00e3o dos produtos eletroeletr\u00f4nico dos tigres asi\u00e1ticos.<\/p>\n\n\n\n<p>\u201cEssa agenda faz parte de um conjunto de estrat\u00e9gias entre os governos do Acre e Rond\u00f4nia, do setor produtivo dos estados e das assembleias legislativas, visando ao funcionamento efetivo da ZPE [Zona de Processamento e Exporta\u00e7\u00e3o] instalada em Senador Guiomard. A ideia \u00e9 transformar parte desse espa\u00e7o alfandegado em ponto de apoio dos exportadores asi\u00e1ticos. A proposta vem sendo discutida, com avan\u00e7os junto \u00e0 Receita Federal\u201d, acrescentou Mesquita.<\/p>\n\n\n\n<figure class=\"wp-block-image size-large\"><img loading=\"lazy\" decoding=\"async\" width=\"1024\" height=\"576\" src=\"https:\/\/www.abrazpe.org.br\/wp-content\/uploads\/2024\/04\/image-5-1024x576.png\" alt=\"\" class=\"wp-image-6470\" srcset=\"https:\/\/www.abrazpe.org.br\/wp-content\/uploads\/2024\/04\/image-5-1024x576.png 1024w, https:\/\/www.abrazpe.org.br\/wp-content\/uploads\/2024\/04\/image-5-300x169.png 300w, https:\/\/www.abrazpe.org.br\/wp-content\/uploads\/2024\/04\/image-5-768x432.png 768w, https:\/\/www.abrazpe.org.br\/wp-content\/uploads\/2024\/04\/image-5-304x170.png 304w, https:\/\/www.abrazpe.org.br\/wp-content\/uploads\/2024\/04\/image-5-370x208.png 370w, https:\/\/www.abrazpe.org.br\/wp-content\/uploads\/2024\/04\/image-5-970x546.png 970w, https:\/\/www.abrazpe.org.br\/wp-content\/uploads\/2024\/04\/image-5.png 1280w\" sizes=\"auto, (max-width: 1024px) 100vw, 1024px\" \/><\/figure>\n\n\n\n<p>A Seict, com a delega\u00e7\u00e3o de empres\u00e1rios, federa\u00e7\u00f5es e associa\u00e7\u00f5es, tem programada uma visita ao escrit\u00f3rio da empresa chinesa que administrar\u00e1 o Porto de Chancay, a Cosco Shipping. \u201cTrabalhamos desde a nossa participa\u00e7\u00e3o na Expoalimentaria, ano passado, uma representa\u00e7\u00e3o dos estados do Acre e Rond\u00f4nia no porto. A garantia da instala\u00e7\u00e3o desse escrit\u00f3rio tamb\u00e9m \u00e9 um dos objetivos da nossa agenda de trabalho em Guangzhou\u201d, disse Mesquita.<\/p>\n\n\n\n<p>A Canton Fair \u00e9 conhecida como a maior feira multissetorial de neg\u00f3cios do mundo. As tr\u00eas fases do evento transcorrem entre os dias 15 de abril e 5 de maio. O espa\u00e7o \u00e9 uma enorme vitrine de produtos, equipamentos e insumos chineses para o mundo inteiro.<\/p>\n\n\n\n<p>Com apoio do Sebrae, 32 empres\u00e1rios do Acre e Rond\u00f4nia comp\u00f5em a delega\u00e7\u00e3o.<\/p>\n\n\n\n<p class=\"has-small-font-size\"><strong>Fonte: Ag\u00eancia Acre | Foto: Divulga\u00e7\u00e3o\/SEICT<\/strong><\/p>\n","protected":false},"excerpt":{"rendered":"<p><small> 2 minutos<\/small> Uma representa\u00e7\u00e3o do governo do Acre, por meio da Secretaria de Estado de Ind\u00fastria, Ci\u00eancia e Tecnologia (Seict), embarca neste s\u00e1bado, 13, com a delega\u00e7\u00e3o Acre-Rond\u00f4nia, para Guangzhou, na China, onde participar\u00e1 da Canton Fair (Feira de Cant\u00e3o) e de agenda de com\u00e9rcio exterior. A miss\u00e3o \u2013 uma iniciativa do Sebrae\/AC com federa\u00e7\u00f5es e associa\u00e7\u00f5es do setor produtivo \u2013&nbsp; visa \u00e0 prospec\u00e7\u00e3o de novas oportunidades de neg\u00f3cio com empres\u00e1rios asi\u00e1ticos que pretendem expandir os seus mercados a partir do Terminal Portu\u00e1rio Multiusos <a href=\"https:\/\/www.abrazpe.org.br\/index.php\/2024\/04\/12\/governos-do-acre-e-rondonia-embarcam-para-china-em-agenda-de-comercio-exterior-em-guangzhou\/\" class=\"more-link\"><span>Continue lendo<\/span>\u2192<\/a><\/p>\n","protected":false},"author":6,"featured_media":6471,"comment_status":"closed","ping_status":"open","sticky":false,"template":"","format":"standard","meta":{"footnotes":""},"categories":[7],"tags":[72,65,85,80,212,74],"class_list":["entry","author-fpx","post-6469","post","type-post","status-publish","format-standard","has-post-thumbnail","category-noticias","tag-abrazpe","tag-acre","tag-china","tag-comercio-exterior","tag-rondonia","tag-zpe"],"_links":{"self":[{"href":"https:\/\/www.abrazpe.org.br\/index.php\/wp-json\/wp\/v2\/posts\/6469","targetHints":{"allow":["GET"]}}],"collection":[{"href":"https:\/\/www.abrazpe.org.br\/index.php\/wp-json\/wp\/v2\/posts"}],"about":[{"href":"https:\/\/www.abrazpe.org.br\/index.php\/wp-json\/wp\/v2\/types\/post"}],"author":[{"embeddable":true,"href":"https:\/\/www.abrazpe.org.br\/index.php\/wp-json\/wp\/v2\/users\/6"}],"replies":[{"embeddable":true,"href":"https:\/\/www.abrazpe.org.br\/index.php\/wp-json\/wp\/v2\/comments?post=6469"}],"version-history":[{"count":2,"href":"https:\/\/www.abrazpe.org.br\/index.php\/wp-json\/wp\/v2\/posts\/6469\/revisions"}],"predecessor-version":[{"id":6473,"href":"https:\/\/www.abrazpe.org.br\/index.php\/wp-json\/wp\/v2\/posts\/6469\/revisions\/6473"}],"wp:featuredmedia":[{"embeddable":true,"href":"https:\/\/www.abrazpe.org.br\/index.php\/wp-json\/wp\/v2\/media\/6471"}],"wp:attachment":[{"href":"https:\/\/www.abrazpe.org.br\/index.php\/wp-json\/wp\/v2\/media?parent=6469"}],"wp:term":[{"taxonomy":"category","embeddable":true,"href":"https:\/\/www.abrazpe.org.br\/index.php\/wp-json\/wp\/v2\/categories?post=6469"},{"taxonomy":"post_tag","embeddable":true,"href":"https:\/\/www.abrazpe.org.br\/index.php\/wp-json\/wp\/v2\/tags?post=6469"}],"curies":[{"name":"wp","href":"https:\/\/api.w.org\/{rel}","templated":true}]}}