{"id":668,"date":"2017-12-16T17:31:42","date_gmt":"2017-12-16T20:31:42","guid":{"rendered":"http:\/\/www.abrazpe.org.br\/?p=668"},"modified":"2018-01-13T23:16:33","modified_gmt":"2018-01-14T02:16:33","slug":"4th-annual-international-conference-exhibition-world-fzo","status":"publish","type":"post","link":"https:\/\/www.abrazpe.org.br\/index.php\/2017\/12\/16\/4th-annual-international-conference-exhibition-world-fzo\/","title":{"rendered":"4th Annual International Conference &#038; Exhibition \u2013 World FZO"},"content":{"rendered":"<p class=\"estimated-read-time\">Tempo de leitura:<small> menos de 1 minuto<\/small><\/p> <p>A 4a. Confer\u00eancia Internacional da Organiza\u00e7\u00e3o Mundial de Zonas Francas \u00a0(WFZO) ser\u00e1 realizada em Dubai, Emirados \u00c1rabes, em 30\/04 a 01\/05\/2018.<\/p>\n<p><a href=\"https:\/\/www.worldfzo.org\/Pages\/EventsDetail.aspx?itemID=81\">Leia mais<\/a><\/p>\n","protected":false},"excerpt":{"rendered":"<p><small> menos de 1 minuto<\/small> A 4a. Confer\u00eancia Internacional da Organiza\u00e7\u00e3o Mundial de Zonas Francas \u00a0(WFZO) ser\u00e1 realizada em Dubai, Emirados \u00c1rabes, em 30\/04 a 01\/05\/2018. Leia mais<\/p>\n","protected":false},"author":4,"featured_media":964,"comment_status":"closed","ping_status":"open","sticky":false,"template":"","format":"standard","meta":{"footnotes":""},"categories":[11],"tags":[],"class_list":["entry","author-adm_hb2018","post-668","post","type-post","status-publish","format-standard","has-post-thumbnail","category-eventos"],"_links":{"self":[{"href":"https:\/\/www.abrazpe.org.br\/index.php\/wp-json\/wp\/v2\/posts\/668","targetHints":{"allow":["GET"]}}],"collection":[{"href":"https:\/\/www.abrazpe.org.br\/index.php\/wp-json\/wp\/v2\/posts"}],"about":[{"href":"https:\/\/www.abrazpe.org.br\/index.php\/wp-json\/wp\/v2\/types\/post"}],"author":[{"embeddable":true,"href":"https:\/\/www.abrazpe.org.br\/index.php\/wp-json\/wp\/v2\/users\/4"}],"replies":[{"embeddable":true,"href":"https:\/\/www.abrazpe.org.br\/index.php\/wp-json\/wp\/v2\/comments?post=668"}],"version-history":[{"count":2,"href":"https:\/\/www.abrazpe.org.br\/index.php\/wp-json\/wp\/v2\/posts\/668\/revisions"}],"predecessor-version":[{"id":965,"href":"https:\/\/www.abrazpe.org.br\/index.php\/wp-json\/wp\/v2\/posts\/668\/revisions\/965"}],"wp:featuredmedia":[{"embeddable":true,"href":"https:\/\/www.abrazpe.org.br\/index.php\/wp-json\/wp\/v2\/media\/964"}],"wp:attachment":[{"href":"https:\/\/www.abrazpe.org.br\/index.php\/wp-json\/wp\/v2\/media?parent=668"}],"wp:term":[{"taxonomy":"category","embeddable":true,"href":"https:\/\/www.abrazpe.org.br\/index.php\/wp-json\/wp\/v2\/categories?post=668"},{"taxonomy":"post_tag","embeddable":true,"href":"https:\/\/www.abrazpe.org.br\/index.php\/wp-json\/wp\/v2\/tags?post=668"}],"curies":[{"name":"wp","href":"https:\/\/api.w.org\/{rel}","templated":true}]}}