{"id":6714,"date":"2024-06-26T08:15:17","date_gmt":"2024-06-26T11:15:17","guid":{"rendered":"https:\/\/www.abrazpe.org.br\/?p=6714"},"modified":"2024-06-26T08:15:18","modified_gmt":"2024-06-26T11:15:18","slug":"em-reuniao-com-favaro-alckmim-garante-celeridade-na-avaliacao-da-zpe-de-caceres","status":"publish","type":"post","link":"https:\/\/www.abrazpe.org.br\/index.php\/2024\/06\/26\/em-reuniao-com-favaro-alckmim-garante-celeridade-na-avaliacao-da-zpe-de-caceres\/","title":{"rendered":"Em reuni\u00e3o com F\u00e1varo, Alckmim garante celeridade na avalia\u00e7\u00e3o da ZPE de C\u00e1ceres"},"content":{"rendered":"<p class=\"estimated-read-time\">Tempo de leitura:<small> 3 minutos<\/small><\/p> \n<p>Ap\u00f3s a reuni\u00e3o com o ministro da Agricultura e Pecu\u00e1ria, Carlos F\u00e1varo, o vice-presidente e ministro do Desenvolvimento, Ind\u00fastria, Com\u00e9rcio e Servi\u00e7os, Geraldo Alckmin, informou que a reuni\u00e3o do Conselho Nacional das Zonas de Processamento de Exporta\u00e7\u00e3o (ZPEs), prevista para o fim de agosto, poder\u00e1 ser antecipada.<\/p>\n\n\n\n<p>Na reuni\u00e3o realizada no gabinete da vice-presid\u00eancia da Rep\u00fablica na tarde desta ter\u00e7a-feira (25), em Bras\u00edlia, o ministro, acompanhado do secret\u00e1rio-executivo do Minist\u00e9rio da Agricultura e Pecu\u00e1ria (Mapa), Iraj\u00e1 Lacerda, e do secret\u00e1rio de Desenvolvimento Econ\u00f4mico de Mato Grosso, C\u00e9sar Miranda, apresentou as potencialidades da ZPE de C\u00e1ceres.<\/p>\n\n\n\n<p>Com 247 hectares e capacidade de 62 lotes industriais, a ZPE \u00e9 a terceira do Brasil alfandegada. O Ato Declarat\u00f3rio de Alfandegamento da Receita Federal que autoriza o funcionamento da ZPE de C\u00e1ceres foi assinado em mar\u00e7o deste ano.<\/p>\n\n\n\n<figure class=\"wp-block-image size-large\"><img loading=\"lazy\" decoding=\"async\" width=\"1024\" height=\"588\" src=\"https:\/\/www.abrazpe.org.br\/wp-content\/uploads\/2024\/06\/image-5-1024x588.png\" alt=\"\" class=\"wp-image-6716\" srcset=\"https:\/\/www.abrazpe.org.br\/wp-content\/uploads\/2024\/06\/image-5-1024x588.png 1024w, https:\/\/www.abrazpe.org.br\/wp-content\/uploads\/2024\/06\/image-5-300x172.png 300w, https:\/\/www.abrazpe.org.br\/wp-content\/uploads\/2024\/06\/image-5-768x441.png 768w, https:\/\/www.abrazpe.org.br\/wp-content\/uploads\/2024\/06\/image-5-1536x881.png 1536w, https:\/\/www.abrazpe.org.br\/wp-content\/uploads\/2024\/06\/image-5-2048x1175.png 2048w, https:\/\/www.abrazpe.org.br\/wp-content\/uploads\/2024\/06\/image-5-370x212.png 370w, https:\/\/www.abrazpe.org.br\/wp-content\/uploads\/2024\/06\/image-5-970x557.png 970w\" sizes=\"auto, (max-width: 1024px) 100vw, 1024px\" \/><\/figure>\n\n\n\n<p>Para dar in\u00edcio aos trabalhos da ZPE de C\u00e1ceres, quatro empresas aguardam a habilita\u00e7\u00e3o para a instala\u00e7\u00e3o no local. Elas ser\u00e3o vistoriadas pela equipe do Minist\u00e9rio do Desenvolvimento, Ind\u00fastria, Com\u00e9rcio e Servi\u00e7os (MDIC) na quarta-feira (03\/07).<\/p>\n\n\n\n<p>\u201cVamos dar celeridade \u00e0 quest\u00e3o da ZPE de C\u00e1ceres\u201d, destacou o vice-presidente durante a reuni\u00e3o, ressaltando que ap\u00f3s a visita do secret\u00e1rio-executivo do Conselho Nacional das ZPEs, F\u00e1bio Pucci, ao munic\u00edpio, tentar\u00e1 antecipar a reuni\u00e3o que avaliar\u00e1 os processos de habilita\u00e7\u00e3o das empresas interessadas.<\/p>\n\n\n\n<p>Cabe ao Conselho Nacional das ZPEs a aprova\u00e7\u00e3o, dentro dos requisitos estabelecidos, do processo de instala\u00e7\u00e3o das empresas nos locais que s\u00e3o considerados \u201cfree zones\u201d, ou seja, onde as empresas gozam de benef\u00edcios tribut\u00e1rios, aduaneiros e administrativos.<\/p>\n\n\n\n<p>Conectada \u00e0 hidrovia do Rio Paraguai, a ZPE de C\u00e1ceres \u00e9 considerada estrat\u00e9gica dentro do programa Rotas de Integra\u00e7\u00e3o Sul-Americana para ampliar e tornar mais competitiva a rela\u00e7\u00e3o comercial dos produtos brasileiros com os mercados da Am\u00e9rica do Sul, da \u00c1sia e do Sul Global.<\/p>\n\n\n\n<p>\u201cPrecisamos desse apoio para acompanhar com dedica\u00e7\u00e3o esses quatro pedidos iniciais, que v\u00e3o gerar um ciclo de desenvolvimento para essa regi\u00e3o de Mato Grosso e contribuir muito na integra\u00e7\u00e3o com a Am\u00e9rica do Sul. A gente passa a olhar o Brasil, n\u00e3o s\u00f3 de Norte a Sul, mas de Leste a Oeste\u201d, detalhou F\u00e1varo.<\/p>\n\n\n\n<figure class=\"wp-block-image size-large\"><img loading=\"lazy\" decoding=\"async\" width=\"1024\" height=\"684\" src=\"https:\/\/www.abrazpe.org.br\/wp-content\/uploads\/2024\/06\/image-6-1024x684.png\" alt=\"\" class=\"wp-image-6717\" srcset=\"https:\/\/www.abrazpe.org.br\/wp-content\/uploads\/2024\/06\/image-6-1024x684.png 1024w, https:\/\/www.abrazpe.org.br\/wp-content\/uploads\/2024\/06\/image-6-300x200.png 300w, https:\/\/www.abrazpe.org.br\/wp-content\/uploads\/2024\/06\/image-6-768x513.png 768w, https:\/\/www.abrazpe.org.br\/wp-content\/uploads\/2024\/06\/image-6-1536x1025.png 1536w, https:\/\/www.abrazpe.org.br\/wp-content\/uploads\/2024\/06\/image-6-370x247.png 370w, https:\/\/www.abrazpe.org.br\/wp-content\/uploads\/2024\/06\/image-6-970x647.png 970w, https:\/\/www.abrazpe.org.br\/wp-content\/uploads\/2024\/06\/image-6.png 1600w\" sizes=\"auto, (max-width: 1024px) 100vw, 1024px\" \/><\/figure>\n\n\n\n<p>De acordo com Miranda, a partir da habilita\u00e7\u00e3o das primeiras empresas, \u00e9 poss\u00edvel potencializar o desenvolvimento da ZPE de C\u00e1ceres com a instala\u00e7\u00e3o de dezenas de empresas interessadas.<\/p>\n\n\n\n<p>\u201cFoi um desafio muito grande colocar a ZPE de p\u00e9. A obra est\u00e1 pronta e este pode ser o maior programa de desenvolvimento da regi\u00e3o Oeste de Mato Grosso\u201d, disse o secret\u00e1rio.<\/p>\n\n\n\n<p>A prefeita de C\u00e1ceres, Eliene Liberato Dias, reconheceu a import\u00e2ncia desta agenda e da ZPE para transformar o munic\u00edpio: \u201cA ZPE \u00e9 um marco para o desenvolvimento de C\u00e1ceres e toda a regi\u00e3o. Com essa iniciativa, vislumbramos um futuro de crescimento econ\u00f4mico sustent\u00e1vel e integra\u00e7\u00e3o com mercados internacionais, beneficiando nossa popula\u00e7\u00e3o e promovendo um ambiente de neg\u00f3cios pr\u00f3spero.\u201d<\/p>\n\n\n\n<p class=\"has-small-font-size\"><strong>Fonte\/Foto: Divulga\u00e7\u00e3o\/Prefeitura de C\u00e1ceres<\/strong><\/p>\n","protected":false},"excerpt":{"rendered":"<p><small> 3 minutos<\/small> Ap\u00f3s a reuni\u00e3o com o ministro da Agricultura e Pecu\u00e1ria, Carlos F\u00e1varo, o vice-presidente e ministro do Desenvolvimento, Ind\u00fastria, Com\u00e9rcio e Servi\u00e7os, Geraldo Alckmin, informou que a reuni\u00e3o do Conselho Nacional das Zonas de Processamento de Exporta\u00e7\u00e3o (ZPEs), prevista para o fim de agosto, poder\u00e1 ser antecipada. Na reuni\u00e3o realizada no gabinete da vice-presid\u00eancia da Rep\u00fablica na tarde desta ter\u00e7a-feira (25), em Bras\u00edlia, o ministro, acompanhado do secret\u00e1rio-executivo do Minist\u00e9rio da Agricultura e Pecu\u00e1ria (Mapa), Iraj\u00e1 Lacerda, e do secret\u00e1rio de Desenvolvimento <a href=\"https:\/\/www.abrazpe.org.br\/index.php\/2024\/06\/26\/em-reuniao-com-favaro-alckmim-garante-celeridade-na-avaliacao-da-zpe-de-caceres\/\" class=\"more-link\"><span>Continue lendo<\/span>\u2192<\/a><\/p>\n","protected":false},"author":6,"featured_media":6715,"comment_status":"closed","ping_status":"open","sticky":false,"template":"","format":"standard","meta":{"footnotes":""},"categories":[7],"tags":[72,64,80,120,74],"class_list":["entry","author-fpx","post-6714","post","type-post","status-publish","format-standard","has-post-thumbnail","category-noticias","tag-abrazpe","tag-caceres","tag-comercio-exterior","tag-mato-grosso","tag-zpe"],"_links":{"self":[{"href":"https:\/\/www.abrazpe.org.br\/index.php\/wp-json\/wp\/v2\/posts\/6714","targetHints":{"allow":["GET"]}}],"collection":[{"href":"https:\/\/www.abrazpe.org.br\/index.php\/wp-json\/wp\/v2\/posts"}],"about":[{"href":"https:\/\/www.abrazpe.org.br\/index.php\/wp-json\/wp\/v2\/types\/post"}],"author":[{"embeddable":true,"href":"https:\/\/www.abrazpe.org.br\/index.php\/wp-json\/wp\/v2\/users\/6"}],"replies":[{"embeddable":true,"href":"https:\/\/www.abrazpe.org.br\/index.php\/wp-json\/wp\/v2\/comments?post=6714"}],"version-history":[{"count":1,"href":"https:\/\/www.abrazpe.org.br\/index.php\/wp-json\/wp\/v2\/posts\/6714\/revisions"}],"predecessor-version":[{"id":6718,"href":"https:\/\/www.abrazpe.org.br\/index.php\/wp-json\/wp\/v2\/posts\/6714\/revisions\/6718"}],"wp:featuredmedia":[{"embeddable":true,"href":"https:\/\/www.abrazpe.org.br\/index.php\/wp-json\/wp\/v2\/media\/6715"}],"wp:attachment":[{"href":"https:\/\/www.abrazpe.org.br\/index.php\/wp-json\/wp\/v2\/media?parent=6714"}],"wp:term":[{"taxonomy":"category","embeddable":true,"href":"https:\/\/www.abrazpe.org.br\/index.php\/wp-json\/wp\/v2\/categories?post=6714"},{"taxonomy":"post_tag","embeddable":true,"href":"https:\/\/www.abrazpe.org.br\/index.php\/wp-json\/wp\/v2\/tags?post=6714"}],"curies":[{"name":"wp","href":"https:\/\/api.w.org\/{rel}","templated":true}]}}