{"id":6740,"date":"2024-07-10T14:03:13","date_gmt":"2024-07-10T17:03:13","guid":{"rendered":"https:\/\/www.abrazpe.org.br\/?p=6740"},"modified":"2024-07-10T14:03:14","modified_gmt":"2024-07-10T17:03:14","slug":"piaui-e-o-primeiro-estado-a-fazer-parte-da-associacao-brasileira-da-industria-do-hidrogenio-verde","status":"publish","type":"post","link":"https:\/\/www.abrazpe.org.br\/index.php\/2024\/07\/10\/piaui-e-o-primeiro-estado-a-fazer-parte-da-associacao-brasileira-da-industria-do-hidrogenio-verde\/","title":{"rendered":"Piau\u00ed \u00e9 o primeiro estado a fazer parte da Associa\u00e7\u00e3o Brasileira da Ind\u00fastria do Hidrog\u00eanio Verde"},"content":{"rendered":"<p class=\"estimated-read-time\">Tempo de leitura:<small> 2 minutos<\/small><\/p> \n<p>O Piau\u00ed, por meio da Investe Piau\u00ed, se tornou o primeiro estado a compor a Associa\u00e7\u00e3o Brasileira da Ind\u00fastria do Hidrog\u00eanio Verde (ABIHV). A associa\u00e7\u00e3o visa o desenvolvimento e fomento da produ\u00e7\u00e3o de Hidrog\u00eanio Verde e seus derivados no Brasil.<\/p>\n\n\n\n<p>A ABIHV tem como objetivo impulsionar o Hidrog\u00eanio Verde como uma solu\u00e7\u00e3o crucial para a neoindustrializa\u00e7\u00e3o e promover o desenvolvimento econ\u00f4mico e sustent\u00e1vel a partir de uma matriz energ\u00e9tica limpa e de baixo carbono. Dessa forma, contribuir com a descarboniza\u00e7\u00e3o das economias nacional e mundial.<\/p>\n\n\n\n<p>O governador Rafael Fonteles comemorou a parceria e destacou o Piau\u00ed na vanguarda da ind\u00fastria do H2V no Brasil. &#8220;Ficamos felizes com essa parceria e com a participa\u00e7\u00e3o direta do nosso estado nessa cadeia produtiva t\u00e3o importante, na constru\u00e7\u00e3o de pol\u00edticas p\u00fablicas para o setor e na dissemina\u00e7\u00e3o do conhecimento para toda a sociedade relativa a essa nova era que est\u00e1 chegando&#8221;, destacou em suas redes sociais, nesta quarta-feira (10).<\/p>\n\n\n\n<p>O Piau\u00ed ter\u00e1 dois dos maiores projetos de hidrog\u00eanio verde (H2V) do mundo, instalados na Zona de Processamento de Exporta\u00e7\u00e3o (ZPE) do Piau\u00ed, localizada em Parna\u00edba, no litoral piauiense.&nbsp;<\/p>\n\n\n\n<p>As empresas Green Energy Park e Solatio investir\u00e3o na instala\u00e7\u00e3o dos projetos cerca de R$ 200 bilh\u00f5es ao longo dos pr\u00f3ximos anos, com gera\u00e7\u00e3o de mais de 20 mil empregos nesses projetos. Ser\u00e3o mais de 20GW de pot\u00eancia gerados.<\/p>\n\n\n\n<p>Rafael Fonteles destacou, ainda, a import\u00e2ncia da ABIHV. &#8220;\u00c9 uma associa\u00e7\u00e3o muito importante para o desenvolvimento desse setor que ser\u00e1 o grande respons\u00e1vel pela transi\u00e7\u00e3o energ\u00e9tica do Brasil e do mundo. Quero parabeniz\u00e1-los pelo grande trabalho que tem sido realizado nos \u00faltimos meses e que ser\u00e1 intensificado ainda mais nos pr\u00f3ximos anos&#8221;, disse o governador.<\/p>\n\n\n\n<p>A Associa\u00e7\u00e3o Brasileira da Ind\u00fastria do Hidrog\u00eanio Verde consiste na busca pela representa\u00e7\u00e3o de interesses junto aos \u00f3rg\u00e3os dos poderes Executivo e Legislativo, al\u00e9m de Ag\u00eancias Reguladoras em \u00e2mbito federal, estadual e municipal. Assim, a ABIHV visa fomentar a formula\u00e7\u00e3o de pol\u00edticas p\u00fablicas voltadas ao Hidrog\u00eanio Verde para seu crescimento e consolida\u00e7\u00e3o como uma fonte estrat\u00e9gica de energia.<\/p>\n\n\n\n<p class=\"has-small-font-size\"><strong>Fonte: Governo do PI | Foto: Arquivo<\/strong><\/p>\n","protected":false},"excerpt":{"rendered":"<p><small> 2 minutos<\/small> O Piau\u00ed, por meio da Investe Piau\u00ed, se tornou o primeiro estado a compor a Associa\u00e7\u00e3o Brasileira da Ind\u00fastria do Hidrog\u00eanio Verde (ABIHV). A associa\u00e7\u00e3o visa o desenvolvimento e fomento da produ\u00e7\u00e3o de Hidrog\u00eanio Verde e seus derivados no Brasil. A ABIHV tem como objetivo impulsionar o Hidrog\u00eanio Verde como uma solu\u00e7\u00e3o crucial para a neoindustrializa\u00e7\u00e3o e promover o desenvolvimento econ\u00f4mico e sustent\u00e1vel a partir de uma matriz energ\u00e9tica limpa e de baixo carbono. Dessa forma, contribuir com a descarboniza\u00e7\u00e3o das economias <a href=\"https:\/\/www.abrazpe.org.br\/index.php\/2024\/07\/10\/piaui-e-o-primeiro-estado-a-fazer-parte-da-associacao-brasileira-da-industria-do-hidrogenio-verde\/\" class=\"more-link\"><span>Continue lendo<\/span>\u2192<\/a><\/p>\n","protected":false},"author":6,"featured_media":6226,"comment_status":"closed","ping_status":"open","sticky":false,"template":"","format":"standard","meta":{"footnotes":""},"categories":[7],"tags":[72,80,90,119,74],"class_list":["entry","author-fpx","post-6740","post","type-post","status-publish","format-standard","has-post-thumbnail","category-noticias","tag-abrazpe","tag-comercio-exterior","tag-hidrogenio-verde","tag-piaui","tag-zpe"],"_links":{"self":[{"href":"https:\/\/www.abrazpe.org.br\/index.php\/wp-json\/wp\/v2\/posts\/6740","targetHints":{"allow":["GET"]}}],"collection":[{"href":"https:\/\/www.abrazpe.org.br\/index.php\/wp-json\/wp\/v2\/posts"}],"about":[{"href":"https:\/\/www.abrazpe.org.br\/index.php\/wp-json\/wp\/v2\/types\/post"}],"author":[{"embeddable":true,"href":"https:\/\/www.abrazpe.org.br\/index.php\/wp-json\/wp\/v2\/users\/6"}],"replies":[{"embeddable":true,"href":"https:\/\/www.abrazpe.org.br\/index.php\/wp-json\/wp\/v2\/comments?post=6740"}],"version-history":[{"count":1,"href":"https:\/\/www.abrazpe.org.br\/index.php\/wp-json\/wp\/v2\/posts\/6740\/revisions"}],"predecessor-version":[{"id":6741,"href":"https:\/\/www.abrazpe.org.br\/index.php\/wp-json\/wp\/v2\/posts\/6740\/revisions\/6741"}],"wp:featuredmedia":[{"embeddable":true,"href":"https:\/\/www.abrazpe.org.br\/index.php\/wp-json\/wp\/v2\/media\/6226"}],"wp:attachment":[{"href":"https:\/\/www.abrazpe.org.br\/index.php\/wp-json\/wp\/v2\/media?parent=6740"}],"wp:term":[{"taxonomy":"category","embeddable":true,"href":"https:\/\/www.abrazpe.org.br\/index.php\/wp-json\/wp\/v2\/categories?post=6740"},{"taxonomy":"post_tag","embeddable":true,"href":"https:\/\/www.abrazpe.org.br\/index.php\/wp-json\/wp\/v2\/tags?post=6740"}],"curies":[{"name":"wp","href":"https:\/\/api.w.org\/{rel}","templated":true}]}}