{"id":6860,"date":"2024-08-13T10:24:01","date_gmt":"2024-08-13T13:24:01","guid":{"rendered":"https:\/\/www.abrazpe.org.br\/?p=6860"},"modified":"2024-08-13T10:24:21","modified_gmt":"2024-08-13T13:24:21","slug":"projeto-data-center-pecem-avanca-mas-falta-normatizacao","status":"publish","type":"post","link":"https:\/\/www.abrazpe.org.br\/index.php\/2024\/08\/13\/projeto-data-center-pecem-avanca-mas-falta-normatizacao\/","title":{"rendered":"Projeto Data Center Pec\u00e9m avan\u00e7a, mas falta normatiza\u00e7\u00e3o"},"content":{"rendered":"<p class=\"estimated-read-time\">Tempo de leitura:<small> 4 minutos<\/small><\/p> \n<p><strong>Por Beatriz Cavalcante<\/strong><\/p>\n\n\n\n<p>Projeto da Casa dos Ventos de implantar data center no Pec\u00e9m avan\u00e7a. Foi dado parecer do Minist\u00e9rio de Minas e Energia, por meio da Secretaria Nacional de Transi\u00e7\u00e3o Energ\u00e9tica e Planejamento, de que a alternativa est\u00e1 compat\u00edvel com o planejamento da expans\u00e3o do setor el\u00e9trico brasileiro para um horizonte m\u00ednimo de cinco anos.<\/p>\n\n\n\n<p>Do ponto de vista do acesso ao Sistema Interligado Nacional, \u00e9 claro que o acesso precede ainda de parecer do Operador Nacional do Sistema El\u00e9trico (ONS) e de autoriza\u00e7\u00e3o expedida pela Ag\u00eancia Nacional de Energia El\u00e9trica (Aneel).<\/p>\n\n\n\n<p>Por\u00e9m, em termos de Zona de Processamento de Exporta\u00e7\u00e3o (ZPE), Hugo Figueir\u00eado, presidente da Companhia do Complexo Industrial e Portu\u00e1rio do Pec\u00e9m (Cipp S\/A), frisa que ainda \u00e9 necess\u00e1rio normatizar a atua\u00e7\u00e3o do setor de servi\u00e7os na \u00e1rea exportadora para que o Cear\u00e1 avance em projetos como este.<\/p>\n\n\n\n<p>Para ele, \u00e9 importante viabilizar a chegada de data centers no Pec\u00e9m, para aproveitar a lideran\u00e7a do Estado em rela\u00e7\u00e3o ao hub de cabos submarinos.<\/p>\n\n\n\n<p>E n\u00e3o \u00e9 somente a Casa dos Ventos, Figueir\u00eado diz que tem outras empresas de olho neste mercado. Mas, das empresas de H2V, apenas ela demonstrou interesse em data center tamb\u00e9m.<\/p>\n\n\n\n<p>At\u00e9 foi sancionado em julho de 2021 o marco legal das ZPEs no Brasil, modernizando o regime. Em 2022, houve regulamenta\u00e7\u00e3o da Presid\u00eancia da Rep\u00fablica, por meio do Decreto n\u00ba 11.088\/2022.<\/p>\n\n\n\n<p>Mas as altera\u00e7\u00f5es previstas, para serem implantadas efetivamente, precisam de publica\u00e7\u00e3o de portaria pelo Conselho Nacional das Zonas de Processamento de Exporta\u00e7\u00e3o (CZPE), contemplando essas altera\u00e7\u00f5es, e a Receita Federal tamb\u00e9m deve fazer uma adequa\u00e7\u00e3o na Instru\u00e7\u00e3o Normativa que trata sobre ZPEs.<\/p>\n\n\n\n<p>Com isso, haver\u00e1 efetiva permiss\u00e3o para a opera\u00e7\u00e3o, com benef\u00edcio fiscal, de empresas prestadoras de servi\u00e7os em \u00e1rea de ZPE, desde que vinculados \u00e0 industrializa\u00e7\u00e3o ou destinados ao exterior, como \u00e9 o caso do Data Center Pec\u00e9m da Casa dos Ventos.<\/p>\n\n\n\n<p>\u00c9 justamente por meio dessa Instru\u00e7\u00e3o Normativa, quando for publicada pela Receita Federal, que as ZPEs ser\u00e3o orientadas sobre os procedimentos operacionais e tribut\u00e1rios que dever\u00e3o ser seguidos.<\/p>\n\n\n\n<p>Em nota, o&nbsp;CZPE diz que est\u00e1 concluindo o estudo que vai subsidiar a decis\u00e3o dos membros do Conselho sobre a lista de servi\u00e7os que poder\u00e3o se beneficiar do regime das ZPE, de acordo com os c\u00f3digos da Nomenclatura Brasileira de Servi\u00e7os (NBS). &#8220;Paralelamente, a Receita Federal do Brasil (RFB) trabalha na elabora\u00e7\u00e3o de Instru\u00e7\u00e3o Normativa que dever\u00e1 regulamentar o tema.&#8221;<\/p>\n\n\n\n<p>A Casa dos Ventos confirma o pedido de acesso para o projeto Data Center Pec\u00e9m, conforme portaria SNTEP\/MME N\u00ba 2.815, de 7 de agosto de 2024. &#8220;A iniciativa faz parte da estrat\u00e9gia de expandir nossas solu\u00e7\u00f5es de descarboniza\u00e7\u00e3o, assim como fortalecer a contribui\u00e7\u00e3o da Casa dos Ventos para a transi\u00e7\u00e3o energ\u00e9tica&#8221;, informou em nota.<\/p>\n\n\n\n<h2 class=\"wp-block-heading\">Beleza<\/h2>\n\n\n\n<p>De 13 a 15 de outubro, o Centro de Eventos do Cear\u00e1 ser\u00e1 palco da Feira Regional da Beleza, que \u00e9 organizada pela Associa\u00e7\u00e3o dos Cabeleireiros do Estado do Cear\u00e1 (ACEC).<\/p>\n\n\n\n<p>Conforme a entidade, o evento deve atrair, por exemplo, caravanas do Rio Grande do Norte, Sergipe, Pernambuco, Maranh\u00e3o, Piau\u00ed, Para\u00edba e Alagoas. Somente o Cear\u00e1 j\u00e1 responde por 6.784 neg\u00f3cios de cabeleireiros, manicures e pedicures &#8211; dados at\u00e9 julho do Sebrae-CE.<\/p>\n\n\n\n<h2 class=\"wp-block-heading\">Internacional<\/h2>\n\n\n\n<p>Fortaleza ser\u00e1 sede do Workshop Be International voltado a profissionais que buscam internacionalizar suas carreiras ou neg\u00f3cios nos Estados Unidos.<\/p>\n\n\n\n<p>O evento acontece na quinta-feira da pr\u00f3xima semana, 22, no Hotel Luzeiros, na avenida Beira Mar, 2600, Meireles, das 19h30min \u00e0s 21h30min, com o apoio da C\u00e2mara de Com\u00e9rcio da Central Fl\u00f3rida.<\/p>\n\n\n\n<p>A inscri\u00e7\u00e3o \u00e9 pela plataforma Sympla, no valor de R$ 50. A arrecada\u00e7\u00e3o vai para a Associa\u00e7\u00e3o Peter Pan.<\/p>\n\n\n\n<h2 class=\"wp-block-heading\">Cear\u00e1 e Bahia<\/h2>\n\n\n\n<p>O estudo &#8220;Cen\u00e1rios de descarboniza\u00e7\u00e3o: oportunidades e incertezas da precifica\u00e7\u00e3o de carbono Strategy&#8221; da consultoria PWC mostra que o Nordeste pode ocupar uma posi\u00e7\u00e3o estrat\u00e9gica para que o Pa\u00eds consiga a neutralidade de carbono e desponte como um dos principais locais para o mercado de hidrog\u00eanio de baixa emiss\u00e3o de carbono no mundo.<\/p>\n\n\n\n<p>Segundo o estudo, como a regi\u00e3o \u00e9 respons\u00e1vel pela produ\u00e7\u00e3o de cerca de 80% da energia renov\u00e1vel do Pa\u00eds, h\u00e1 possibilidade de amplia\u00e7\u00e3o.<\/p>\n\n\n\n<p>Neste contexto, Bahia e Cear\u00e1 s\u00e3o mercados importantes. A Bahia, por exemplo, j\u00e1 \u00e9 respons\u00e1vel por, em m\u00e9dia, 30% de toda a energia e\u00f3lica e 20% de toda a energia solar que \u00e9 consumida no Brasil.<\/p>\n\n\n\n<p>No caso do Cear\u00e1, a posi\u00e7\u00e3o geogr\u00e1fica favorece o modelo de exporta\u00e7\u00e3o, devido \u00e0 maior proximidade com as rotas mar\u00edtimas para a Europa.&nbsp;<\/p>\n\n\n\n<p class=\"has-small-font-size\"><strong>Fonte: O Povo |  Foto: Reprodu\u00e7\u00e3o\/O Povo<\/strong><\/p>\n","protected":false},"excerpt":{"rendered":"<p>Em termos de Zona de Processamento de Exporta\u00e7\u00e3o (ZPE), Hugo Figueir\u00eado, presidente da Companhia do Complexo Industrial e Portu\u00e1rio do Pec\u00e9m (Cipp S\/A), frisa que ainda \u00e9 necess\u00e1rio normatizar a atua\u00e7\u00e3o do setor de servi\u00e7os na \u00e1rea exportadora<\/p>\n","protected":false},"author":6,"featured_media":6861,"comment_status":"closed","ping_status":"open","sticky":false,"template":"","format":"standard","meta":{"footnotes":""},"categories":[7],"tags":[72,80,66,74],"class_list":["entry","author-fpx","has-excerpt","post-6860","post","type-post","status-publish","format-standard","has-post-thumbnail","category-noticias","tag-abrazpe","tag-comercio-exterior","tag-pecem","tag-zpe"],"_links":{"self":[{"href":"https:\/\/www.abrazpe.org.br\/index.php\/wp-json\/wp\/v2\/posts\/6860","targetHints":{"allow":["GET"]}}],"collection":[{"href":"https:\/\/www.abrazpe.org.br\/index.php\/wp-json\/wp\/v2\/posts"}],"about":[{"href":"https:\/\/www.abrazpe.org.br\/index.php\/wp-json\/wp\/v2\/types\/post"}],"author":[{"embeddable":true,"href":"https:\/\/www.abrazpe.org.br\/index.php\/wp-json\/wp\/v2\/users\/6"}],"replies":[{"embeddable":true,"href":"https:\/\/www.abrazpe.org.br\/index.php\/wp-json\/wp\/v2\/comments?post=6860"}],"version-history":[{"count":1,"href":"https:\/\/www.abrazpe.org.br\/index.php\/wp-json\/wp\/v2\/posts\/6860\/revisions"}],"predecessor-version":[{"id":6862,"href":"https:\/\/www.abrazpe.org.br\/index.php\/wp-json\/wp\/v2\/posts\/6860\/revisions\/6862"}],"wp:featuredmedia":[{"embeddable":true,"href":"https:\/\/www.abrazpe.org.br\/index.php\/wp-json\/wp\/v2\/media\/6861"}],"wp:attachment":[{"href":"https:\/\/www.abrazpe.org.br\/index.php\/wp-json\/wp\/v2\/media?parent=6860"}],"wp:term":[{"taxonomy":"category","embeddable":true,"href":"https:\/\/www.abrazpe.org.br\/index.php\/wp-json\/wp\/v2\/categories?post=6860"},{"taxonomy":"post_tag","embeddable":true,"href":"https:\/\/www.abrazpe.org.br\/index.php\/wp-json\/wp\/v2\/tags?post=6860"}],"curies":[{"name":"wp","href":"https:\/\/api.w.org\/{rel}","templated":true}]}}