{"id":6977,"date":"2024-09-29T09:20:27","date_gmt":"2024-09-29T12:20:27","guid":{"rendered":"https:\/\/www.abrazpe.org.br\/?p=6977"},"modified":"2024-09-29T09:20:28","modified_gmt":"2024-09-29T12:20:28","slug":"zpe-ceara-recebe-a-visita-de-representantes-do-conselho-nacional-das-zonas-de-processamento-e-exportacao-czpe","status":"publish","type":"post","link":"https:\/\/www.abrazpe.org.br\/index.php\/2024\/09\/29\/zpe-ceara-recebe-a-visita-de-representantes-do-conselho-nacional-das-zonas-de-processamento-e-exportacao-czpe\/","title":{"rendered":"ZPE Cear\u00e1 recebe a visita de representantes do Conselho Nacional das Zonas de Processamento e Exporta\u00e7\u00e3o (CZPE)"},"content":{"rendered":"<p class=\"estimated-read-time\">Tempo de leitura:<small> 3 minutos<\/small><\/p> \n<p>Uma comitiva do Conselho Nacional das Zonas de Processamento de Exporta\u00e7\u00e3o (CZPE) esteve pela primeira vez em visita ao Cear\u00e1 esta semana. Recebido pelo presidente da ZPE Cear\u00e1, F\u00e1bio Feij\u00f3, o grupo era formado pelo secret\u00e1rio-executivo do CZPE, F\u00e1bio Pucci; pelo coordenador geral do CZPE, H\u00e9lio Fran\u00e7a; e pelo t\u00e9cnico operacional Paulo Destro. Eles conheceram as instala\u00e7\u00f5es da ZPE e se reuniram com representantes das empresas em funcionamento no Setor 1 da ZPE cearense (ArcelorMittal, White Martins e Phoenix do Brasil).<\/p>\n\n\n\n<p>Feij\u00f3 ressalta que o Complexo do Pec\u00e9m, gra\u00e7as \u00e0 infraestrutura completa que possui,&nbsp; \u00e9 uma&nbsp;ferramenta fundamental para o desenvolvimento social, tecnol\u00f3gico e econ\u00f4mico de nosso Estado. \u201cReceber em nossa casa a visita do secret\u00e1rio do CZPE \u00e9 uma grande oportunidade para fortalecer a pol\u00edtica p\u00fablica de ZPEs no Brasil, pois apresentamos os resultados obtidos em apenas 11 anos de opera\u00e7\u00e3o da ZPE Cear\u00e1, mas que mudaram completamente o cen\u00e1rio industrial de nosso Estado e a vida de muitos cearenses\u201d, diz Feij\u00f3.<\/p>\n\n\n\n<p>A comitiva tamb\u00e9m conheceu o Porto do Pec\u00e9m que, juntamente com a \u00e1rea industrial e a&nbsp; ZPE Cear\u00e1, integra o Complexo do Pec\u00e9m. Rebeca Oliveira, vice-presidente Financeira do Complexo, realizou uma visita guiada com o grupo. \u201cO apoio do Governo Federal para o nosso trabalho \u00e9 fundamental, principalmente diante dos desafios que que a gente tem. Nossa opera\u00e7\u00e3o \u00e9 organizada, integrada e tem total capacidade para receber os projetos que estamos vislumbrando, por isso precisamos fortalecer a nossa excel\u00eancia, tanto em \u00e2mbito nacional como internacional\u201d, afirma.<\/p>\n\n\n\n<p>Atualmente, mais de 50% de toda a movimenta\u00e7\u00e3o feita pelo Porto do Pec\u00e9m \u00e9 proveniente da ZPE Cear\u00e1. At\u00e9 agosto deste ano, foram movimentadas mais de 12 milh\u00f5es de toneladas de cargas de longo curso (movimenta\u00e7\u00e3o entre portos de pa\u00edses diferentes) e cabotagem (movimenta\u00e7\u00e3o entre portos do mesmo pa\u00eds).<\/p>\n\n\n\n<h3 class=\"wp-block-heading\">Trabalho Integrado<\/h3>\n\n\n\n<p>O in\u00edcio das opera\u00e7\u00f5es da ZPE Cear\u00e1 foi resultado do trabalho do Governo do Cear\u00e1 em parceria com diversos \u00f3rg\u00e3os estaduais e federais, dentre eles o CZPE, vinculado ao Minist\u00e9rio do Desenvolvimento, Ind\u00fastria, Com\u00e9rcio e Servi\u00e7os (MDIC). De acordo com o executivo do CZPE, o trabalho do \u00f3rg\u00e3o ultrapassa a etapa inicial, que consiste na aprova\u00e7\u00e3o de projetos.<\/p>\n\n\n\n<p>Ele destaca que o CZPE tamb\u00e9m \u00e9 respons\u00e1vel por monitorar e garantir que todas as diretrizes estabelecidas durante as negocia\u00e7\u00f5es continuem sendo cumpridas com o funcionamento dos projetos. \u201cVislumbramos um novo momento para ZPEs no Brasil e queremos, com a nossa parceria, difundir a experi\u00eancia e a hist\u00f3ria da ZPE Cear\u00e1, que \u00e9 um grande sucesso\u201d, complementa Pucci.<\/p>\n\n\n\n<p>A agenda da comitiva, que teve in\u00edcio nesta quinta (26), seguiu na sexta-feira (27) com uma visita ao datacenter da V.tal, na Praia do Futuro, em Fortaleza. Eles foram recebidos pela diretora de rela\u00e7\u00f5es institucionais da empresa, Estella Dantas. Em seguida, o grupo se reuniu com o secret\u00e1rio de Desenvolvimento Econ\u00f4mico do Cear\u00e1 (SDE), Salmito Filho.<\/p>\n\n\n\n<p>O secret\u00e1rio, durante a conversa, afirmou o interesse do Governo do Cear\u00e1 em realizar um trabalho integrado com o Governo Federal, principalmente para contribuir com o fortalecimento do regime de ZPEs no Pa\u00eds. \u201cAo compartilhar a experi\u00eancia da ZPE Cear\u00e1 e do Complexo do Pec\u00e9m, esperamos transformar as ZPEs que j\u00e1 existem e as futuras em um real instrumento de desenvolvimento para os estados e, consequentemente, para o Pa\u00eds. Com o sucesso dessa pol\u00edtica p\u00fablica, conseguiremos, em breve, aumentar a competitividade do Brasil internacionalmente\u201d, destaca Salmito.<\/p>\n\n\n\n<p>Para Pucci, a troca de experi\u00eancias foi importante para aproximar o conselho do Estado, visualizar melhor os resultados alcan\u00e7ados pela ZPE Cear\u00e1 desde o in\u00edcio de seu funcionamento. Ele acredita que, a partir de agora, podem contribuir mais ativamente da evolu\u00e7\u00e3o cont\u00ednua da ZPE cearense.<\/p>\n\n\n\n<p>\u201cEu j\u00e1 tinha essa percep\u00e7\u00e3o, mas com a visita, a ideia de que o modelo de planejamento e execu\u00e7\u00e3o da ZPE Cear\u00e1 \u00e9 um exemplo para o regime de ZPEs do Brasil, especialmente pelo pensamento estrat\u00e9gico e coordenado pelo Governo do Cear\u00e1, &nbsp; fica ainda mais consolidada\u201d, finaliza Pucci.<\/p>\n\n\n\n<p class=\"has-small-font-size\"><strong>Fonte\/Foto: Governo do CE<\/strong><\/p>\n","protected":false},"excerpt":{"rendered":"<p><small> 3 minutos<\/small> Uma comitiva do Conselho Nacional das Zonas de Processamento de Exporta\u00e7\u00e3o (CZPE) esteve pela primeira vez em visita ao Cear\u00e1 esta semana. Recebido pelo presidente da ZPE Cear\u00e1, F\u00e1bio Feij\u00f3, o grupo era formado pelo secret\u00e1rio-executivo do CZPE, F\u00e1bio Pucci; pelo coordenador geral do CZPE, H\u00e9lio Fran\u00e7a; e pelo t\u00e9cnico operacional Paulo Destro. Eles conheceram as instala\u00e7\u00f5es da ZPE e se reuniram com representantes das empresas em funcionamento no Setor 1 da ZPE cearense (ArcelorMittal, White Martins e Phoenix do Brasil). Feij\u00f3 <a href=\"https:\/\/www.abrazpe.org.br\/index.php\/2024\/09\/29\/zpe-ceara-recebe-a-visita-de-representantes-do-conselho-nacional-das-zonas-de-processamento-e-exportacao-czpe\/\" class=\"more-link\"><span>Continue lendo<\/span>\u2192<\/a><\/p>\n","protected":false},"author":6,"featured_media":6978,"comment_status":"closed","ping_status":"open","sticky":false,"template":"","format":"standard","meta":{"footnotes":""},"categories":[7],"tags":[72,80,127,74,168],"class_list":["entry","author-fpx","post-6977","post","type-post","status-publish","format-standard","has-post-thumbnail","category-noticias","tag-abrazpe","tag-comercio-exterior","tag-czpe","tag-zpe","tag-zpe-ceara"],"_links":{"self":[{"href":"https:\/\/www.abrazpe.org.br\/index.php\/wp-json\/wp\/v2\/posts\/6977","targetHints":{"allow":["GET"]}}],"collection":[{"href":"https:\/\/www.abrazpe.org.br\/index.php\/wp-json\/wp\/v2\/posts"}],"about":[{"href":"https:\/\/www.abrazpe.org.br\/index.php\/wp-json\/wp\/v2\/types\/post"}],"author":[{"embeddable":true,"href":"https:\/\/www.abrazpe.org.br\/index.php\/wp-json\/wp\/v2\/users\/6"}],"replies":[{"embeddable":true,"href":"https:\/\/www.abrazpe.org.br\/index.php\/wp-json\/wp\/v2\/comments?post=6977"}],"version-history":[{"count":1,"href":"https:\/\/www.abrazpe.org.br\/index.php\/wp-json\/wp\/v2\/posts\/6977\/revisions"}],"predecessor-version":[{"id":6979,"href":"https:\/\/www.abrazpe.org.br\/index.php\/wp-json\/wp\/v2\/posts\/6977\/revisions\/6979"}],"wp:featuredmedia":[{"embeddable":true,"href":"https:\/\/www.abrazpe.org.br\/index.php\/wp-json\/wp\/v2\/media\/6978"}],"wp:attachment":[{"href":"https:\/\/www.abrazpe.org.br\/index.php\/wp-json\/wp\/v2\/media?parent=6977"}],"wp:term":[{"taxonomy":"category","embeddable":true,"href":"https:\/\/www.abrazpe.org.br\/index.php\/wp-json\/wp\/v2\/categories?post=6977"},{"taxonomy":"post_tag","embeddable":true,"href":"https:\/\/www.abrazpe.org.br\/index.php\/wp-json\/wp\/v2\/tags?post=6977"}],"curies":[{"name":"wp","href":"https:\/\/api.w.org\/{rel}","templated":true}]}}