{"id":7094,"date":"2024-10-21T09:32:44","date_gmt":"2024-10-21T12:32:44","guid":{"rendered":"https:\/\/www.abrazpe.org.br\/?p=7094"},"modified":"2024-10-21T09:32:45","modified_gmt":"2024-10-21T12:32:45","slug":"ceara-estuda-zona-de-processamento-de-exportacao-para-data-center-na-praia-do-futuro-diz-elmano","status":"publish","type":"post","link":"https:\/\/www.abrazpe.org.br\/index.php\/2024\/10\/21\/ceara-estuda-zona-de-processamento-de-exportacao-para-data-center-na-praia-do-futuro-diz-elmano\/","title":{"rendered":"Cear\u00e1 estuda zona de processamento de exporta\u00e7\u00e3o para data center na Praia do Futuro, diz Elmano"},"content":{"rendered":"<p class=\"estimated-read-time\">Tempo de leitura:<small> 2 minutos<\/small><\/p> \n<p>O Governo do Cear\u00e1 prev\u00ea a implanta\u00e7\u00e3o de uma segunda Zona de Processamento de Exporta\u00e7\u00e3o<strong>\u00a0(ZPE)\u00a0<\/strong>no Estado, a ser instalada na Praia do Futuro, em Fortaleza. A informa\u00e7\u00e3o foi dada pelo governador Elmano de Freitas, durante lan\u00e7amento da pedra fundamental do\u00a0<a href=\"https:\/\/diariodonordeste.verdesmares.com.br\/opiniao\/colunistas\/victor-ximenes\/vtal-investira-r-500-milhoes-em-novo-data-center-em-fortaleza-400-empregos-previstos-1.3511965\" target=\"_blank\" rel=\"noreferrer noopener\"><em>data center<\/em>\u00a0da V.tal<\/a>, Mega Lobster, na manh\u00e3 desta quinta-feira (17).<\/p>\n\n\n\n<p>O projeto, ainda em etapa inicial de estudos, tem como objetivo desenvolver um espa\u00e7o dedicado \u00e0 economia digital, abrigando mais empresas do segmento de&nbsp;<em>data center<\/em>. Atualmente, o Estado possui uma ZPE no Complexo do Pec\u00e9m (Cipp S\/A), localizado na Regi\u00e3o Metropolitana.&nbsp;<\/p>\n\n\n\n<p>Questionado sobre os incentivos fiscais dessa nova ZPE, Elmano disse que os detalhes est\u00e3o sendo definidos com o setor privado. &#8220;N\u00f3s estamos ainda na fase de discuss\u00e3o nas secretarias do governo. Para n\u00f3s, j\u00e1 est\u00e1 claro que deve ser um polo de tecnologia e intelig\u00eancia artificial&#8221;, afirmou.<\/p>\n\n\n\n<p>Outro ponto, acrescentou, \u00e9 que a&nbsp;<a href=\"https:\/\/diariodonordeste.verdesmares.com.br\/ceara\/ita-fortaleza-empresa-e-escolhida-e-ordem-de-servico-para-iniciar-obras-sera-assinada-segunda-16-1.3556695\" target=\"_blank\" rel=\"noreferrer noopener\">chegada do Instituto Tecnol\u00f3gico de Aeron\u00e1utica (ITA)&nbsp;<\/a>ao Cear\u00e1 ir\u00e1 contribuir com a m\u00e3o de obra qualificada para o novo espa\u00e7o.&nbsp;<\/p>\n\n\n\n<p>Segundo o secret\u00e1rio de Desenvolvimento Econ\u00f4mico (SDE), Salmito Filho, o presidente da ZPE Cear\u00e1, F\u00e1bio Feij\u00f3, conduz os estudos para saber quais incentivos ser\u00e3o necess\u00e1rias para viabilizar o projeto.&nbsp;<\/p>\n\n\n\n<h2 class=\"wp-block-heading\"><strong>O que \u00e9 uma ZPE<\/strong><\/h2>\n\n\n\n<figure class=\"wp-block-image\"><img decoding=\"async\" src=\"https:\/\/diariodonordeste.verdesmares.com.br\/image\/contentid\/policy:1.3298548:1667946572\/ZPE-Ceara.jpg?f=default&amp;$p$f=b6650aa\" alt=\"Imagem a\u00e9rea da Zona de Processamento de Exporta\u00e7\u00e3o do Cear\u00e1 (ZPE Cear\u00e1)\"\/><\/figure>\n\n\n\n<p>Na pr\u00e1tica, as zonas de processamento s\u00e3o \u00e1reas de livre com\u00e9rcio com o Exterior, onde s\u00e3o instalados distritos industriais beneficiados com concess\u00f5es tribut\u00e1rias, liberdade cambial e processos administrativos desburocratizados.<\/p>\n\n\n\n<p>No Brasil, o Cear\u00e1 e o Piau\u00ed s\u00e3o os \u00fanicos estados com uma ZPEs em pleno funcionamento no Brasil, apesar desse sistema constar na legisla\u00e7\u00e3o desde a d\u00e9cada de 1980.&nbsp;<\/p>\n\n\n\n<h2 class=\"wp-block-heading\"><strong>O que \u00e9 um data center<\/strong><\/h2>\n\n\n\n<figure class=\"wp-block-image\"><img decoding=\"async\" src=\"https:\/\/diariodonordeste.verdesmares.com.br\/image\/contentid\/policy:1.3571770:1729179616\/DATACENTER.jpg?f=default&amp;$p$f=ab85529\" alt=\"Data center da V\"\/><\/figure>\n\n\n\n<p>Um&nbsp;<em>data center<\/em>, conhecido tamb\u00e9m como centro de processamento de dados, \u00e9 uma instala\u00e7\u00e3o destinada ao armazenamento e processamento massivo de informa\u00e7\u00f5es digitais.<\/p>\n\n\n\n<p>Nele, uma infraestrutura robusta composta por servidores, dispositivos de armazenamento e demais equipamentos de rede processa grandes volumes de dados, desde transa\u00e7\u00f5es financeiras a conte\u00fados multim\u00eddia.&nbsp;<\/p>\n\n\n\n<h2 class=\"wp-block-heading\"><strong>Empresa prev\u00ea expans\u00e3o no Cear\u00e1<\/strong><\/h2>\n\n\n\n<figure class=\"wp-block-image\"><img decoding=\"async\" src=\"https:\/\/diariodonordeste.verdesmares.com.br\/image\/contentid\/policy:1.3571774:1729181001\/TECTO.jpeg?f=default&amp;$p$f=181994e\" alt=\"Fachada do investimento previsto\"\/><\/figure>\n\n\n\n<p>Na manh\u00e3 desta quinta-feira (17), a V.tal lan\u00e7ou a pedra fundamental do seu segundo\u00a0<em>data cente<\/em>r em Fortaleza, o Mega Lobster. Segundo a empresa, foram investidos R$ 550 milh\u00f5es nesse projeto, com entrega estimada para 2025.<\/p>\n\n\n\n<p>Na ocasi\u00e3o, foi lan\u00e7ada a Tecto Data Centers para a unidade. Pedro Henrique Fragoso, s\u00f3cio do BTG Pactual e executivo respons\u00e1vel pela marca, disse haver a possibilidade de novos investimentos no Cear\u00e1.&nbsp;<\/p>\n\n\n\n<blockquote class=\"wp-block-quote is-layout-flow wp-block-quote-is-layout-flow\">\n<p>\u201cTemos planos de continuar expandido aqui. O Mega Lobster \u00e9 um&nbsp;<em>data center<\/em>&nbsp;robusto e moderno, que vai oferecer uma expans\u00e3o relevante at\u00e9 para os nossos clientes e para a regi\u00e3o. Espero que venham outras&nbsp;<em>datas centers<\/em>&nbsp;como esse\u201d, disse.&nbsp;<\/p>\n<\/blockquote>\n\n\n\n<p>Durante a obra do pr\u00e9dio, foram gerados 450 empregos.&nbsp;<\/p>\n\n\n\n<p class=\"has-small-font-size\"><strong>Fonte: Di\u00e1rio do Nordeste | Foto: SVM \/ Divulga\u00e7\u00e3o<\/strong><\/p>\n","protected":false},"excerpt":{"rendered":"<p><small> 2 minutos<\/small> O Governo do Cear\u00e1 prev\u00ea a implanta\u00e7\u00e3o de uma segunda Zona de Processamento de Exporta\u00e7\u00e3o\u00a0(ZPE)\u00a0no Estado, a ser instalada na Praia do Futuro, em Fortaleza. A informa\u00e7\u00e3o foi dada pelo governador Elmano de Freitas, durante lan\u00e7amento da pedra fundamental do\u00a0data center\u00a0da V.tal, Mega Lobster, na manh\u00e3 desta quinta-feira (17). O projeto, ainda em etapa inicial de estudos, tem como objetivo desenvolver um espa\u00e7o dedicado \u00e0 economia digital, abrigando mais empresas do segmento de&nbsp;data center. Atualmente, o Estado possui uma ZPE no Complexo <a href=\"https:\/\/www.abrazpe.org.br\/index.php\/2024\/10\/21\/ceara-estuda-zona-de-processamento-de-exportacao-para-data-center-na-praia-do-futuro-diz-elmano\/\" class=\"more-link\"><span>Continue lendo<\/span>\u2192<\/a><\/p>\n","protected":false},"author":6,"featured_media":7095,"comment_status":"closed","ping_status":"open","sticky":false,"template":"","format":"standard","meta":{"footnotes":""},"categories":[7],"tags":[72,82,80,263,74],"class_list":["entry","author-fpx","post-7094","post","type-post","status-publish","format-standard","has-post-thumbnail","category-noticias","tag-abrazpe","tag-ceara","tag-comercio-exterior","tag-fortaleza","tag-zpe"],"_links":{"self":[{"href":"https:\/\/www.abrazpe.org.br\/index.php\/wp-json\/wp\/v2\/posts\/7094","targetHints":{"allow":["GET"]}}],"collection":[{"href":"https:\/\/www.abrazpe.org.br\/index.php\/wp-json\/wp\/v2\/posts"}],"about":[{"href":"https:\/\/www.abrazpe.org.br\/index.php\/wp-json\/wp\/v2\/types\/post"}],"author":[{"embeddable":true,"href":"https:\/\/www.abrazpe.org.br\/index.php\/wp-json\/wp\/v2\/users\/6"}],"replies":[{"embeddable":true,"href":"https:\/\/www.abrazpe.org.br\/index.php\/wp-json\/wp\/v2\/comments?post=7094"}],"version-history":[{"count":1,"href":"https:\/\/www.abrazpe.org.br\/index.php\/wp-json\/wp\/v2\/posts\/7094\/revisions"}],"predecessor-version":[{"id":7096,"href":"https:\/\/www.abrazpe.org.br\/index.php\/wp-json\/wp\/v2\/posts\/7094\/revisions\/7096"}],"wp:featuredmedia":[{"embeddable":true,"href":"https:\/\/www.abrazpe.org.br\/index.php\/wp-json\/wp\/v2\/media\/7095"}],"wp:attachment":[{"href":"https:\/\/www.abrazpe.org.br\/index.php\/wp-json\/wp\/v2\/media?parent=7094"}],"wp:term":[{"taxonomy":"category","embeddable":true,"href":"https:\/\/www.abrazpe.org.br\/index.php\/wp-json\/wp\/v2\/categories?post=7094"},{"taxonomy":"post_tag","embeddable":true,"href":"https:\/\/www.abrazpe.org.br\/index.php\/wp-json\/wp\/v2\/tags?post=7094"}],"curies":[{"name":"wp","href":"https:\/\/api.w.org\/{rel}","templated":true}]}}