{"id":7245,"date":"2024-12-23T08:58:26","date_gmt":"2024-12-23T11:58:26","guid":{"rendered":"https:\/\/www.abrazpe.org.br\/?p=7245"},"modified":"2024-12-23T08:58:55","modified_gmt":"2024-12-23T11:58:55","slug":"finep-lanca-convenio-para-estruturacao-do-parque-ecotecnologico-na-ufrrj-e-da-zpe-de-seropedica","status":"publish","type":"post","link":"https:\/\/www.abrazpe.org.br\/index.php\/2024\/12\/23\/finep-lanca-convenio-para-estruturacao-do-parque-ecotecnologico-na-ufrrj-e-da-zpe-de-seropedica\/","title":{"rendered":"Finep lan\u00e7a conv\u00eanio para estrutura\u00e7\u00e3o do Parque Ecotecnol\u00f3gico na UFRRJ e da ZPE de Serop\u00e9dica"},"content":{"rendered":"<p class=\"estimated-read-time\">Tempo de leitura:<small> 1 minuto<\/small><\/p> \n<p>A Finep e a Universidade Federal Rural do Rio de Janeiro (UFRRJ) lan\u00e7aram memorando com vistas \u00e0 assinatura de conv\u00eanio para estrutura\u00e7\u00e3o do projeto do Parque Ecotecnol\u00f3gico na universidade, assim como a cria\u00e7\u00e3o da ZPE (Zona de Processamento de Exporta\u00e7\u00e3o) de um dos mais estrat\u00e9gicos munic\u00edpios fluminenses &#8211; Serop\u00e9dica. Ela impulsionar\u00e1 o desenvolvimento de produ\u00e7\u00e3o tecnol\u00f3gica (integrada, por exemplo, com o Porto de Itagua\u00ed e rodovias importantes, como a Washington Luis). <a><\/a>A assinatura oficial acontecer\u00e1 em janeiro.<\/p>\n\n\n\n<p>Os projetos atender\u00e3o a crit\u00e9rios legais em linha com a Nova Industria Brasil (NIB). \u201cA Finep &#8211; principal bra\u00e7o financeiro de projetos estrat\u00e9gicos da Neoindustrializa\u00e7\u00e3o &#8211; est\u00e1 muito feliz em ajudar a fomentar a produtividade de uma regi\u00e3o t\u00e3o estrat\u00e9gica e singular. A vis\u00e3o do presidente Lula &#8211; que acreditou na Financiadora como catapulta do Brasil focado em P&amp;D, conectando academia e setor produtivo, para melhorar a vida das pessoas &#8211; vai estar ativamente aqui\u201d, disse Fernando Peregrino, chefe de Gabinete da Finep.<\/p>\n\n\n\n<p>O Parque ter\u00e1 a miss\u00e3o de promover o desenvolvimento s\u00f3cio-econ\u00f4mico local por meio do fomento p\u00fablico \u00e0 Ci\u00eancia, Tecnologia e Inova\u00e7\u00e3o em diferentes ambientes. \u201cAqui, vemos a celebra\u00e7\u00e3o de uma parceria. Mais uma vez, a Finep participa do crescimento da Rural, e vamos atr\u00e1s de cada vez mais editais, melhorando nossa infraestrutura de pesquisa e condi\u00e7\u00f5es aos pesquisadores\u201d, disse o reitor Roberto de Souza Rodrigues.<\/p>\n\n\n\n<p>O presidente da Associa\u00e7\u00e3o Brasileira de Zonas de Processamento de Exporta\u00e7\u00e3o (Abrazpe), Helson Braga, afirmou que \u201co projeto da ZPE \u00e9 hist\u00f3rico por transformar toda a regi\u00e3o\u201d. A vice-prefeita da Serop\u00e9dica, Vandrea Furquim, complementou: \u201cum passo enorme para uma verdadeira revolu\u00e7\u00e3o\u201d. Assessor da Finep, Luiz Davidovich encerrou a mesa com celebra\u00e7\u00e3o para Johanna D\u00f6bereiner, falecida cientista que revolucionou a agricultura (homenageada com um busto na UFRRJ).<\/p>\n\n\n\n<p class=\"has-small-font-size\"><strong>Fonte\/Foto: Finep<\/strong><\/p>\n","protected":false},"excerpt":{"rendered":"<p><small> 1 minuto<\/small> A Finep e a Universidade Federal Rural do Rio de Janeiro (UFRRJ) lan\u00e7aram memorando com vistas \u00e0 assinatura de conv\u00eanio para estrutura\u00e7\u00e3o do projeto do Parque Ecotecnol\u00f3gico na universidade, assim como a cria\u00e7\u00e3o da ZPE (Zona de Processamento de Exporta\u00e7\u00e3o) de um dos mais estrat\u00e9gicos munic\u00edpios fluminenses &#8211; Serop\u00e9dica. Ela impulsionar\u00e1 o desenvolvimento de produ\u00e7\u00e3o tecnol\u00f3gica (integrada, por exemplo, com o Porto de Itagua\u00ed e rodovias importantes, como a Washington Luis). A assinatura oficial acontecer\u00e1 em janeiro. Os projetos atender\u00e3o a crit\u00e9rios <a href=\"https:\/\/www.abrazpe.org.br\/index.php\/2024\/12\/23\/finep-lanca-convenio-para-estruturacao-do-parque-ecotecnologico-na-ufrrj-e-da-zpe-de-seropedica\/\" class=\"more-link\"><span>Continue lendo<\/span>\u2192<\/a><\/p>\n","protected":false},"author":6,"featured_media":7246,"comment_status":"closed","ping_status":"open","sticky":false,"template":"","format":"standard","meta":{"footnotes":""},"categories":[7],"tags":[],"class_list":["entry","author-fpx","post-7245","post","type-post","status-publish","format-standard","has-post-thumbnail","category-noticias"],"_links":{"self":[{"href":"https:\/\/www.abrazpe.org.br\/index.php\/wp-json\/wp\/v2\/posts\/7245","targetHints":{"allow":["GET"]}}],"collection":[{"href":"https:\/\/www.abrazpe.org.br\/index.php\/wp-json\/wp\/v2\/posts"}],"about":[{"href":"https:\/\/www.abrazpe.org.br\/index.php\/wp-json\/wp\/v2\/types\/post"}],"author":[{"embeddable":true,"href":"https:\/\/www.abrazpe.org.br\/index.php\/wp-json\/wp\/v2\/users\/6"}],"replies":[{"embeddable":true,"href":"https:\/\/www.abrazpe.org.br\/index.php\/wp-json\/wp\/v2\/comments?post=7245"}],"version-history":[{"count":1,"href":"https:\/\/www.abrazpe.org.br\/index.php\/wp-json\/wp\/v2\/posts\/7245\/revisions"}],"predecessor-version":[{"id":7247,"href":"https:\/\/www.abrazpe.org.br\/index.php\/wp-json\/wp\/v2\/posts\/7245\/revisions\/7247"}],"wp:featuredmedia":[{"embeddable":true,"href":"https:\/\/www.abrazpe.org.br\/index.php\/wp-json\/wp\/v2\/media\/7246"}],"wp:attachment":[{"href":"https:\/\/www.abrazpe.org.br\/index.php\/wp-json\/wp\/v2\/media?parent=7245"}],"wp:term":[{"taxonomy":"category","embeddable":true,"href":"https:\/\/www.abrazpe.org.br\/index.php\/wp-json\/wp\/v2\/categories?post=7245"},{"taxonomy":"post_tag","embeddable":true,"href":"https:\/\/www.abrazpe.org.br\/index.php\/wp-json\/wp\/v2\/tags?post=7245"}],"curies":[{"name":"wp","href":"https:\/\/api.w.org\/{rel}","templated":true}]}}