{"id":7386,"date":"2025-03-03T09:09:47","date_gmt":"2025-03-03T12:09:47","guid":{"rendered":"https:\/\/www.abrazpe.org.br\/?p=7386"},"modified":"2025-03-03T09:10:19","modified_gmt":"2025-03-03T12:10:19","slug":"almt-aprova-projeto-que-batiza-a-zpe-de-caceres-com-nome-de-adilson-domingos-dos-reis","status":"publish","type":"post","link":"https:\/\/www.abrazpe.org.br\/index.php\/2025\/03\/03\/almt-aprova-projeto-que-batiza-a-zpe-de-caceres-com-nome-de-adilson-domingos-dos-reis\/","title":{"rendered":"ALMT aprova projeto que batiza a ZPE de C\u00e1ceres com nome de Adilson Domingos dos Reis"},"content":{"rendered":"<p class=\"estimated-read-time\">Tempo de leitura:<small> 1 minuto<\/small><\/p> \n<p>A Assembleia Legislativa do Estado de Mato Grosso (ALMT) aprovou em primeira vota\u00e7\u00e3o, na sess\u00e3o plen\u00e1ria de quarta-feira (26), o projeto de lei que denomina a \u00c1rea da Zona de Processamento de Exporta\u00e7\u00e3o de C\u00e1ceres (AZPEC) como &#8220;Engenheiro Adilson Domingos dos Reis&#8221;. A proposta, apresentada pelo presidente da ALMT, deputado Max Russi, tem como objetivo reconhecer a contribui\u00e7\u00e3o de Adilson para o desenvolvimento da infraestrutura e da economia regional.<\/p>\n\n\n\n<p>Com uma extens\u00e3o de aproximadamente 240 hectares, a AZPEC \u00e9 a terceira Zona de Processamento de Exporta\u00e7\u00e3o do Brasil. O projeto recebeu um investimento de R$ 16 milh\u00f5es, com obras retomadas em 2020 e conclu\u00eddas em dezembro de 2023. O projeto de lei ressalta a relev\u00e2ncia econ\u00f4mica da ZPE e o legado deixado por Adilson, que foi um dos principais defensores da opera\u00e7\u00e3o da Hidrovia do Rio Paraguai, elemento crucial para a integra\u00e7\u00e3o log\u00edstica da regi\u00e3o.<\/p>\n\n\n\n<p><strong>Homenageado<\/strong><\/p>\n\n\n\n<figure class=\"wp-block-image size-full\"><img loading=\"lazy\" decoding=\"async\" width=\"420\" height=\"280\" src=\"https:\/\/www.abrazpe.org.br\/wp-content\/uploads\/2025\/03\/89a37f732588cabc0cfe2ccc6fa2bb6c67bf6f35951c2.jpg\" alt=\"\" class=\"wp-image-7387\" srcset=\"https:\/\/www.abrazpe.org.br\/wp-content\/uploads\/2025\/03\/89a37f732588cabc0cfe2ccc6fa2bb6c67bf6f35951c2.jpg 420w, https:\/\/www.abrazpe.org.br\/wp-content\/uploads\/2025\/03\/89a37f732588cabc0cfe2ccc6fa2bb6c67bf6f35951c2-300x200.jpg 300w, https:\/\/www.abrazpe.org.br\/wp-content\/uploads\/2025\/03\/89a37f732588cabc0cfe2ccc6fa2bb6c67bf6f35951c2-370x247.jpg 370w\" sizes=\"auto, (max-width: 420px) 100vw, 420px\" \/><\/figure>\n\n\n\n<p>Nascido em 5 de julho de 1948, em C\u00e1ceres, Adilson foi um renomado engenheiro civil e especialista em seguran\u00e7a do trabalho, graduado pela Universidade Federal de Mato Grosso (UFMT) e exerceu diversas fun\u00e7\u00f5es p\u00fablicas, incluindo inspetor do Crea-MT e colaborador da Secretaria de Planejamento de C\u00e1ceres.<\/p>\n\n\n\n<p>Adilson faleceu recentemente aos 76 anos, v\u00edtima de um acidente vascular cerebral, deixando um legado de dedica\u00e7\u00e3o ao desenvolvimento socioecon\u00f4mico da regi\u00e3o. \u201cO projeto de lei \u00e9 uma forma de homenagear seu trabalho e compromisso com a constru\u00e7\u00e3o da AZPEC e outras iniciativas voltadas para o progresso da macrorregi\u00e3o Oeste-Sudoeste de Mato Grosso\u201d, explica Russi.<\/p>\n\n\n\n<p>A proposta de homenagem do deputado seguir\u00e1 para segunda vota\u00e7\u00e3o em sess\u00e3o ordin\u00e1ria.<\/p>\n\n\n\n<p class=\"has-small-font-size\"><strong>Fonte\/Foto: Divulga\u00e7\u00e3o<\/strong><\/p>\n","protected":false},"excerpt":{"rendered":"<p><small> 1 minuto<\/small> A Assembleia Legislativa do Estado de Mato Grosso (ALMT) aprovou em primeira vota\u00e7\u00e3o, na sess\u00e3o plen\u00e1ria de quarta-feira (26), o projeto de lei que denomina a \u00c1rea da Zona de Processamento de Exporta\u00e7\u00e3o de C\u00e1ceres (AZPEC) como &#8220;Engenheiro Adilson Domingos dos Reis&#8221;. A proposta, apresentada pelo presidente da ALMT, deputado Max Russi, tem como objetivo reconhecer a contribui\u00e7\u00e3o de Adilson para o desenvolvimento da infraestrutura e da economia regional. Com uma extens\u00e3o de aproximadamente 240 hectares, a AZPEC \u00e9 a terceira Zona <a href=\"https:\/\/www.abrazpe.org.br\/index.php\/2025\/03\/03\/almt-aprova-projeto-que-batiza-a-zpe-de-caceres-com-nome-de-adilson-domingos-dos-reis\/\" class=\"more-link\"><span>Continue lendo<\/span>\u2192<\/a><\/p>\n","protected":false},"author":6,"featured_media":7352,"comment_status":"closed","ping_status":"open","sticky":false,"template":"","format":"standard","meta":{"footnotes":""},"categories":[7],"tags":[72,307,80,74,308],"class_list":["entry","author-fpx","post-7386","post","type-post","status-publish","format-standard","has-post-thumbnail","category-noticias","tag-abrazpe","tag-adilson-domingos-dos-reis","tag-comercio-exterior","tag-zpe","tag-zpe-de-caceres"],"_links":{"self":[{"href":"https:\/\/www.abrazpe.org.br\/index.php\/wp-json\/wp\/v2\/posts\/7386","targetHints":{"allow":["GET"]}}],"collection":[{"href":"https:\/\/www.abrazpe.org.br\/index.php\/wp-json\/wp\/v2\/posts"}],"about":[{"href":"https:\/\/www.abrazpe.org.br\/index.php\/wp-json\/wp\/v2\/types\/post"}],"author":[{"embeddable":true,"href":"https:\/\/www.abrazpe.org.br\/index.php\/wp-json\/wp\/v2\/users\/6"}],"replies":[{"embeddable":true,"href":"https:\/\/www.abrazpe.org.br\/index.php\/wp-json\/wp\/v2\/comments?post=7386"}],"version-history":[{"count":2,"href":"https:\/\/www.abrazpe.org.br\/index.php\/wp-json\/wp\/v2\/posts\/7386\/revisions"}],"predecessor-version":[{"id":7389,"href":"https:\/\/www.abrazpe.org.br\/index.php\/wp-json\/wp\/v2\/posts\/7386\/revisions\/7389"}],"wp:featuredmedia":[{"embeddable":true,"href":"https:\/\/www.abrazpe.org.br\/index.php\/wp-json\/wp\/v2\/media\/7352"}],"wp:attachment":[{"href":"https:\/\/www.abrazpe.org.br\/index.php\/wp-json\/wp\/v2\/media?parent=7386"}],"wp:term":[{"taxonomy":"category","embeddable":true,"href":"https:\/\/www.abrazpe.org.br\/index.php\/wp-json\/wp\/v2\/categories?post=7386"},{"taxonomy":"post_tag","embeddable":true,"href":"https:\/\/www.abrazpe.org.br\/index.php\/wp-json\/wp\/v2\/tags?post=7386"}],"curies":[{"name":"wp","href":"https:\/\/api.w.org\/{rel}","templated":true}]}}