{"id":7698,"date":"2025-05-23T09:39:59","date_gmt":"2025-05-23T12:39:59","guid":{"rendered":"https:\/\/www.abrazpe.org.br\/?p=7698"},"modified":"2025-05-23T09:40:00","modified_gmt":"2025-05-23T12:40:00","slug":"pecem-assina-pre-contrato-de-r-56-bi-com-edf-para-planta-de-hidrogenio-verde","status":"publish","type":"post","link":"https:\/\/www.abrazpe.org.br\/index.php\/2025\/05\/23\/pecem-assina-pre-contrato-de-r-56-bi-com-edf-para-planta-de-hidrogenio-verde\/","title":{"rendered":"Pec\u00e9m assina pr\u00e9-contrato de R$ 5,6 bi com EDF para planta de hidrog\u00eanio verde"},"content":{"rendered":"<p class=\"estimated-read-time\">Tempo de leitura:<small> 2 minutos<\/small><\/p> \n<p>O Complexo do Pec\u00e9m, no Cear\u00e1, deu mais um passo decisivo na consolida\u00e7\u00e3o do estado como polo estrat\u00e9gico de energias renov\u00e1veis ao assinar, na cidade de Roterd\u00e3 (Holanda), um pr\u00e9-contrato com a EDF Renewables para a&nbsp;<strong>implanta\u00e7\u00e3o de uma planta industrial de hidrog\u00eanio verde<\/strong>. O an\u00fancio foi feito durante a&nbsp;<a href=\"http:\/\/xn--plataforma%20digital%20refora%20estratgia%20de%20longo%20prazo%20%20durante%20o%20evento%20em%20roterd,%20o%20complexo%20do%20pecm%20e%20o%20governo%20estadual%20tambm%20lanaram%20uma%20plataforma%20digital%20de%20hidrognio%20verde,%20ferramenta%20que%20integra%20a%20estratgia%20do%20cear%20para%20atrair%20investimentos%20de%20longo%20prazo%20no%20setor%20de%20energia%20limpa-wi4a61ax0cge50a2csb6hrp.xn--%20%20com%20essa%20nova%20parceria,%20o%20pecm%20reafirma%20seu%20papel%20como%20um%20dos%20principais%20hubs%20de%20hidrognio%20verde%20do%20brasil%20e%20do%20mundo,%20consolidando%20o%20cear%20na%20vanguarda%20da%20economia%20verde%20e%20da%20transio%20energtica%20global-43v76ap8a5jph8e.\/\" target=\"_blank\" rel=\"noreferrer noopener\">World Hydrogen 2025<\/a>, maior feira mundial do setor, que re\u00fane os principais players globais da transi\u00e7\u00e3o energ\u00e9tica.<\/p>\n\n\n\n<p>O investimento previsto para o projeto \u00e9 de&nbsp;<strong>R$ 5,6 bilh\u00f5es<\/strong>, com instala\u00e7\u00e3o planejada no Setor 2 da Zona de Processamento de Exporta\u00e7\u00e3o (ZPE) do Complexo, infraestrutura que oferece benef\u00edcios fiscais e log\u00edsticos para exporta\u00e7\u00e3o.<\/p>\n\n\n\n<p>A EDF Renewables, subsidi\u00e1ria do grupo franc\u00eas \u00c9lectricit\u00e9 de France, atua em mais de 20 pa\u00edses com foco em solu\u00e7\u00f5es sustent\u00e1veis, incluindo energia solar, e\u00f3lica e hidrog\u00eanio verde.<\/p>\n\n\n\n<h3 class=\"wp-block-heading\">Investimentos no Pec\u00e9m ultrapassam US$ 25 bilh\u00f5es<\/h3>\n\n\n\n<figure class=\"wp-block-image size-large\"><img loading=\"lazy\" decoding=\"async\" width=\"1024\" height=\"768\" src=\"https:\/\/www.abrazpe.org.br\/wp-content\/uploads\/2025\/05\/image-7-1024x768.png\" alt=\"\" class=\"wp-image-7699\" srcset=\"https:\/\/www.abrazpe.org.br\/wp-content\/uploads\/2025\/05\/image-7-1024x768.png 1024w, https:\/\/www.abrazpe.org.br\/wp-content\/uploads\/2025\/05\/image-7-300x225.png 300w, https:\/\/www.abrazpe.org.br\/wp-content\/uploads\/2025\/05\/image-7-768x576.png 768w, https:\/\/www.abrazpe.org.br\/wp-content\/uploads\/2025\/05\/image-7-370x278.png 370w, https:\/\/www.abrazpe.org.br\/wp-content\/uploads\/2025\/05\/image-7-970x728.png 970w, https:\/\/www.abrazpe.org.br\/wp-content\/uploads\/2025\/05\/image-7.png 1292w\" sizes=\"auto, (max-width: 1024px) 100vw, 1024px\" \/><\/figure>\n\n\n\n<p>O pr\u00e9-contrato com a EDF \u00e9 o s\u00e9timo firmado no Pec\u00e9m, que j\u00e1 conta com acordos semelhantes com empresas como Fortescue, Auren Energia, Casa dos Ventos, FRV, Voltalia e Fuella AS. Juntos, esses compromissos&nbsp;<strong>somam cerca de US$ 24 bilh\u00f5es em investimentos previstos<\/strong>, que devem duplicar o n\u00famero de empregos diretos e indiretos na regi\u00e3o, atualmente em torno de 80 mil postos de trabalho.<\/p>\n\n\n\n<p>As empresas que assinam os pr\u00e9-contratos j\u00e1 est\u00e3o pagando aluguel pelas \u00e1reas reservadas na ZPE do Pec\u00e9m, enquanto finalizam seus projetos e avan\u00e7am para a decis\u00e3o final de investimento, com produ\u00e7\u00e3o prevista a partir de 2030.<\/p>\n\n\n\n<h3 class=\"wp-block-heading\">Pec\u00e9m atrai investimentos por infraestrutura e ambiente favor\u00e1vel<\/h3>\n\n\n\n<p>A escolha do Pec\u00e9m pela EDF se deve \u00e0 combina\u00e7\u00e3o de infraestrutura log\u00edstica eficiente, ambiente regulat\u00f3rio est\u00e1vel e pol\u00edticas p\u00fablicas favor\u00e1veis \u00e0 transi\u00e7\u00e3o energ\u00e9tica, que colocam o Cear\u00e1 em posi\u00e7\u00e3o de vantagem na corrida global pela descarboniza\u00e7\u00e3o.<\/p>\n\n\n\n<p>Al\u00e9m do impacto econ\u00f4mico, os projetos de hidrog\u00eanio verde no Pec\u00e9m contribuem para o fortalecimento da matriz energ\u00e9tica limpa do Cear\u00e1, que planeja quadruplicar sua capacidade instalada de energia renov\u00e1vel, al\u00e9m de impulsionar a inova\u00e7\u00e3o tecnol\u00f3gica e a forma\u00e7\u00e3o de m\u00e3o de obra qualificada.<\/p>\n\n\n\n<h3 class=\"wp-block-heading\">Plataforma digital refor\u00e7a estrat\u00e9gia de longo prazo<\/h3>\n\n\n\n<p>Durante o evento em Roterd\u00e3, o Complexo do Pec\u00e9m e o governo estadual tamb\u00e9m lan\u00e7aram uma plataforma digital de hidrog\u00eanio verde, ferramenta que integra a estrat\u00e9gia do Cear\u00e1 para atrair investimentos de longo prazo no setor de energia limpa.<\/p>\n\n\n\n<p>Com essa nova parceria, o Pec\u00e9m reafirma seu papel como um dos principais hubs de hidrog\u00eanio verde do Brasil e do mundo, consolidando o Cear\u00e1 na vanguarda da economia verde e da transi\u00e7\u00e3o energ\u00e9tica global.<\/p>\n\n\n\n<p class=\"has-small-font-size\"><strong>Fonte: Movimento Econ\u00f4mico | Foto: Divulga\u00e7\u00e3o<br><\/strong><\/p>\n","protected":false},"excerpt":{"rendered":"<p><small> 2 minutos<\/small> O Complexo do Pec\u00e9m, no Cear\u00e1, deu mais um passo decisivo na consolida\u00e7\u00e3o do estado como polo estrat\u00e9gico de energias renov\u00e1veis ao assinar, na cidade de Roterd\u00e3 (Holanda), um pr\u00e9-contrato com a EDF Renewables para a&nbsp;implanta\u00e7\u00e3o de uma planta industrial de hidrog\u00eanio verde. O an\u00fancio foi feito durante a&nbsp;World Hydrogen 2025, maior feira mundial do setor, que re\u00fane os principais players globais da transi\u00e7\u00e3o energ\u00e9tica. O investimento previsto para o projeto \u00e9 de&nbsp;R$ 5,6 bilh\u00f5es, com instala\u00e7\u00e3o planejada no Setor 2 da <a href=\"https:\/\/www.abrazpe.org.br\/index.php\/2025\/05\/23\/pecem-assina-pre-contrato-de-r-56-bi-com-edf-para-planta-de-hidrogenio-verde\/\" class=\"more-link\"><span>Continue lendo<\/span>\u2192<\/a><\/p>\n","protected":false},"author":6,"featured_media":7700,"comment_status":"closed","ping_status":"open","sticky":false,"template":"","format":"standard","meta":{"footnotes":""},"categories":[7],"tags":[72,82,80,371,372,90,66,74],"class_list":["entry","author-fpx","post-7698","post","type-post","status-publish","format-standard","has-post-thumbnail","category-noticias","tag-abrazpe","tag-ceara","tag-comercio-exterior","tag-edf-renewables","tag-electricite-de-france","tag-hidrogenio-verde","tag-pecem","tag-zpe"],"_links":{"self":[{"href":"https:\/\/www.abrazpe.org.br\/index.php\/wp-json\/wp\/v2\/posts\/7698","targetHints":{"allow":["GET"]}}],"collection":[{"href":"https:\/\/www.abrazpe.org.br\/index.php\/wp-json\/wp\/v2\/posts"}],"about":[{"href":"https:\/\/www.abrazpe.org.br\/index.php\/wp-json\/wp\/v2\/types\/post"}],"author":[{"embeddable":true,"href":"https:\/\/www.abrazpe.org.br\/index.php\/wp-json\/wp\/v2\/users\/6"}],"replies":[{"embeddable":true,"href":"https:\/\/www.abrazpe.org.br\/index.php\/wp-json\/wp\/v2\/comments?post=7698"}],"version-history":[{"count":1,"href":"https:\/\/www.abrazpe.org.br\/index.php\/wp-json\/wp\/v2\/posts\/7698\/revisions"}],"predecessor-version":[{"id":7701,"href":"https:\/\/www.abrazpe.org.br\/index.php\/wp-json\/wp\/v2\/posts\/7698\/revisions\/7701"}],"wp:featuredmedia":[{"embeddable":true,"href":"https:\/\/www.abrazpe.org.br\/index.php\/wp-json\/wp\/v2\/media\/7700"}],"wp:attachment":[{"href":"https:\/\/www.abrazpe.org.br\/index.php\/wp-json\/wp\/v2\/media?parent=7698"}],"wp:term":[{"taxonomy":"category","embeddable":true,"href":"https:\/\/www.abrazpe.org.br\/index.php\/wp-json\/wp\/v2\/categories?post=7698"},{"taxonomy":"post_tag","embeddable":true,"href":"https:\/\/www.abrazpe.org.br\/index.php\/wp-json\/wp\/v2\/tags?post=7698"}],"curies":[{"name":"wp","href":"https:\/\/api.w.org\/{rel}","templated":true}]}}