{"id":7786,"date":"2025-06-04T14:29:04","date_gmt":"2025-06-04T17:29:04","guid":{"rendered":"https:\/\/www.abrazpe.org.br\/?p=7786"},"modified":"2025-06-04T14:30:49","modified_gmt":"2025-06-04T17:30:49","slug":"governador-do-maranhao-busca-investimentos-em-missao-oficial-na-franca","status":"publish","type":"post","link":"https:\/\/www.abrazpe.org.br\/index.php\/2025\/06\/04\/governador-do-maranhao-busca-investimentos-em-missao-oficial-na-franca\/","title":{"rendered":"Governador do Maranh\u00e3o busca investimentos em miss\u00e3o oficial na Fran\u00e7a"},"content":{"rendered":"<p class=\"estimated-read-time\">Tempo de leitura:<small> 1 minuto<\/small><\/p> \n<p>Em miss\u00e3o internacional na Fran\u00e7a, o governador do Maranh\u00e3o, <strong>Carlos Brand\u00e3o<\/strong>, realizou encontros estrat\u00e9gicos com executivos da <strong>Axens<\/strong> \u2014 refer\u00eancia mundial em tecnologia para refino de petr\u00f3leo, tratamento de g\u00e1s natural e petroqu\u00edmicos \u2014 e da <strong>Oil Group<\/strong>, empresa respons\u00e1vel pelo primeiro grande projeto industrial na <strong>Zona de Processamento de Exporta\u00e7\u00e3o (ZPE) de Bacabeira<\/strong>.<\/p>\n\n\n\n<p>Durante as reuni\u00f5es realizadas em <strong>Paris<\/strong>, foi debatido um <strong>investimento estimado em 1,5 bilh\u00e3o de d\u00f3lares<\/strong>, voltado \u00e0 consolida\u00e7\u00e3o de um complexo industrial que promete <strong>transformar a cadeia produtiva do petr\u00f3leo no Maranh\u00e3o<\/strong>. Segundo Brand\u00e3o, trata-se de uma articula\u00e7\u00e3o que envolve inova\u00e7\u00e3o tecnol\u00f3gica, sustentabilidade e gera\u00e7\u00e3o de empregos para os maranhenses.<\/p>\n\n\n\n<p>\u201c<strong>Uma conversa positiva que contribuir\u00e1 com muitos empregos para a nossa gente e o desenvolvimento sustent\u00e1vel do estado<\/strong>\u201d, afirmou o governador em publica\u00e7\u00e3o nas redes sociais, destacando o potencial transformador da parceria entre o governo estadual e o setor privado.<\/p>\n\n\n\n<figure class=\"wp-block-embed is-type-video is-provider-youtube wp-block-embed-youtube wp-embed-aspect-16-9 wp-has-aspect-ratio\"><div class=\"wp-block-embed__wrapper\">\n<iframe loading=\"lazy\" title=\"Governador do Maranh\u00e3o busca investimentos em miss\u00e3o oficial na Fran\u00e7a\" width=\"1075\" height=\"605\" src=\"https:\/\/www.youtube.com\/embed\/b0Aie1sItVo?feature=oembed\" frameborder=\"0\" allow=\"accelerometer; autoplay; clipboard-write; encrypted-media; gyroscope; picture-in-picture; web-share\" referrerpolicy=\"strict-origin-when-cross-origin\" allowfullscreen><\/iframe>\n<\/div><\/figure>\n\n\n\n<p>A instala\u00e7\u00e3o do projeto na ZPE de Bacabeira representa <strong>um marco na industrializa\u00e7\u00e3o do estado<\/strong>, com perspectiva de atrair novos empreendimentos e fortalecer a infraestrutura econ\u00f4mica do Maranh\u00e3o.<\/p>\n\n\n\n<p>A visita integra a agenda internacional do Governo do Maranh\u00e3o em busca de <strong>parcerias que agreguem valor \u00e0 produ\u00e7\u00e3o local e posicionem o estado como refer\u00eancia na nova economia energ\u00e9tica global<\/strong>. A expectativa \u00e9 que, com o avan\u00e7o das negocia\u00e7\u00f5es, o empreendimento tenha in\u00edcio nos pr\u00f3ximos meses, consolidando Bacabeira como um dos novos polos industriais do Brasil.<\/p>\n","protected":false},"excerpt":{"rendered":"<p><small> 1 minuto<\/small> Em miss\u00e3o internacional na Fran\u00e7a, o governador do Maranh\u00e3o, Carlos Brand\u00e3o, realizou encontros estrat\u00e9gicos com executivos da Axens \u2014 refer\u00eancia mundial em tecnologia para refino de petr\u00f3leo, tratamento de g\u00e1s natural e petroqu\u00edmicos \u2014 e da Oil Group, empresa respons\u00e1vel pelo primeiro grande projeto industrial na Zona de Processamento de Exporta\u00e7\u00e3o (ZPE) de Bacabeira. Durante as reuni\u00f5es realizadas em Paris, foi debatido um investimento estimado em 1,5 bilh\u00e3o de d\u00f3lares, voltado \u00e0 consolida\u00e7\u00e3o de um complexo industrial que promete transformar a cadeia <a href=\"https:\/\/www.abrazpe.org.br\/index.php\/2025\/06\/04\/governador-do-maranhao-busca-investimentos-em-missao-oficial-na-franca\/\" class=\"more-link\"><span>Continue lendo<\/span>\u2192<\/a><\/p>\n","protected":false},"author":6,"featured_media":7787,"comment_status":"closed","ping_status":"open","sticky":false,"template":"","format":"standard","meta":{"footnotes":""},"categories":[7],"tags":[72,406,229,80,404,351,408,139,293,405,409,74,407],"class_list":["entry","author-fpx","post-7786","post","type-post","status-publish","format-standard","has-post-thumbnail","category-noticias","tag-abrazpe","tag-axens","tag-carlos-brandao","tag-comercio-exterior","tag-desenvolvimento-industrial","tag-geracao-de-empregos","tag-investimento-estrangeiro","tag-maranhao","tag-oil-group","tag-petroleo","tag-sustentabilidade","tag-zpe","tag-zpe-bacabeira"],"_links":{"self":[{"href":"https:\/\/www.abrazpe.org.br\/index.php\/wp-json\/wp\/v2\/posts\/7786","targetHints":{"allow":["GET"]}}],"collection":[{"href":"https:\/\/www.abrazpe.org.br\/index.php\/wp-json\/wp\/v2\/posts"}],"about":[{"href":"https:\/\/www.abrazpe.org.br\/index.php\/wp-json\/wp\/v2\/types\/post"}],"author":[{"embeddable":true,"href":"https:\/\/www.abrazpe.org.br\/index.php\/wp-json\/wp\/v2\/users\/6"}],"replies":[{"embeddable":true,"href":"https:\/\/www.abrazpe.org.br\/index.php\/wp-json\/wp\/v2\/comments?post=7786"}],"version-history":[{"count":2,"href":"https:\/\/www.abrazpe.org.br\/index.php\/wp-json\/wp\/v2\/posts\/7786\/revisions"}],"predecessor-version":[{"id":7790,"href":"https:\/\/www.abrazpe.org.br\/index.php\/wp-json\/wp\/v2\/posts\/7786\/revisions\/7790"}],"wp:featuredmedia":[{"embeddable":true,"href":"https:\/\/www.abrazpe.org.br\/index.php\/wp-json\/wp\/v2\/media\/7787"}],"wp:attachment":[{"href":"https:\/\/www.abrazpe.org.br\/index.php\/wp-json\/wp\/v2\/media?parent=7786"}],"wp:term":[{"taxonomy":"category","embeddable":true,"href":"https:\/\/www.abrazpe.org.br\/index.php\/wp-json\/wp\/v2\/categories?post=7786"},{"taxonomy":"post_tag","embeddable":true,"href":"https:\/\/www.abrazpe.org.br\/index.php\/wp-json\/wp\/v2\/tags?post=7786"}],"curies":[{"name":"wp","href":"https:\/\/api.w.org\/{rel}","templated":true}]}}