{"id":7808,"date":"2025-06-06T12:29:29","date_gmt":"2025-06-06T15:29:29","guid":{"rendered":"https:\/\/www.abrazpe.org.br\/?p=7808"},"modified":"2025-06-06T12:29:30","modified_gmt":"2025-06-06T15:29:30","slug":"maranhao-da-passo-fundamental-para-ingressar-na-era-da-alta-conectividade-por-cabo-submarino","status":"publish","type":"post","link":"https:\/\/www.abrazpe.org.br\/index.php\/2025\/06\/06\/maranhao-da-passo-fundamental-para-ingressar-na-era-da-alta-conectividade-por-cabo-submarino\/","title":{"rendered":"Maranh\u00e3o d\u00e1 passo fundamental para ingressar na era da alta conectividade por cabo submarino"},"content":{"rendered":"<p class=\"estimated-read-time\">Tempo de leitura:<small> 2 minutos<\/small><\/p> \n<p>A Secretaria de Desenvolvimento Econ\u00f4mico e Programas Estrat\u00e9gicos (SEDEPE) e a Ag\u00eancia Estadual de Tecnologia da Informa\u00e7\u00e3o do Maranh\u00e3o (ATI-MA) deram um passo fundamental para que o Maranh\u00e3o ingresse em uma era de alta conectividade digital.<\/p>\n\n\n\n<p>Foi assinado, na manh\u00e3 de ontem (5), na sede da ATI-MA, o contrato que garante a ades\u00e3o do Estado ao estado ao cabo submarino internacional de fibra \u00f3ptica, que vir\u00e1 de Fortaleza (CE) at\u00e9 a Guiana Francesa. A cerim\u00f4nia contou com a presen\u00e7a de autoridades e parceiros estrat\u00e9gicos do avan\u00e7o, entre eles, o presidente da ATI, Leandro Costa; o secret\u00e1rio da SEDEPE, Jos\u00e9 Reinaldo Tavares; M\u00e1rcio Lino, representante do BID; Kamil, da Ag\u00eancia Francesa de Desenvolvimento (AFD) e Rafael Lozano e Pablo Mart\u00edn, do Cons\u00f3rcio EllaLink.<\/p>\n\n\n\n<p>As tratativas do projeto foram viabilizadas pela Assessoria de Projetos e Rela\u00e7\u00f5es da SEDEPE, ap\u00f3s uma visita do secret\u00e1rio Jos\u00e9 Reinaldo, em Bras\u00edlia, ao ent\u00e3o ministro das Comunica\u00e7\u00f5es, Juscelino Filho. A assessoria fez a articula\u00e7\u00e3o com o BID (Banco Interamericano de Desenvolvimento), com AFD e com a ATI, \u00f3rg\u00e3o competente na estrutura do Governo para tratar do projeto.<\/p>\n\n\n\n<p>\u201c\u00c9 uma possibilidade enorme de desenvolvimento econ\u00f4mico e social como tamb\u00e9m de receita para o estado. Como corol\u00e1rio deste projeto, no pr\u00f3ximo dia 18 ser\u00e1 realizada a reuni\u00e3o da Cofiex (Comiss\u00e3o de Financiamentos Externos do Governo Federal), com uma Carta Consulta tendo pedido de financiamento do Governo do Estado para a o programa Maranh\u00e3o Conectado, a partir do incremento que isso ir\u00e1 trazer\u201d, explica o assessor especial de Projetos e Rela\u00e7\u00f5es Internacionais da SEDEPE, Antonio Nunes.<\/p>\n\n\n\n<p>O BID e AFD foram fundamentais \u00e0 viabiliza\u00e7\u00e3o do projeto. \u00c0 tarde, representantes Ag\u00eancia Francesa fizeram uma visita \u00e0 SEDEPE para uma reuni\u00e3o com o secret\u00e1rio Jos\u00e9 Reinaldo e equipe t\u00e9cnica para a discuss\u00e3o de outras possibilidades de financiamento como a forma\u00e7\u00e3o em Intelig\u00eancia Artificial para profissionais e estudantes maranhenses.<\/p>\n\n\n\n<p>O Maranh\u00e3o ter\u00e1 agora direito a ter um ramal para usufruir a um cabo de alta conectividade, com baixa lat\u00eancia, que vem da Europa at\u00e9 Fortaleza e que se estender\u00e1 at\u00e9 a Guiana. O estado ser\u00e1 um dos poucos estados do Brasil, a exemplo de S\u00e3o Paulo, Rio de Janeiro, Cear\u00e1 e Par\u00e1, a ter grande pot\u00eancia digital por cabo submarino.<\/p>\n\n\n\n<p>\u201cIsso permitir\u00e1 que alcancemos rapidamente um alt\u00edssimo patamar tecnol\u00f3gico, que s\u00f3 os pa\u00edses ou estados desenvolvidos possuem. Esta foi uma oportunidade \u00fanica oferecida a n\u00f3s. \u00c9 a porta de entrada para um mundo de oportunidades na Sa\u00fade, na Educa\u00e7\u00e3o, na Seguran\u00e7a e at\u00e9 no combate \u00e0 pobreza\u201d, destaca com entusiasmo o ex-governador Jos\u00e9 Reinaldo.<\/p>\n\n\n\n<p class=\"has-small-font-size\"><strong>Fonte: Ponte de Vista | Foto: Reprodu\u00e7\u00e3o<\/strong><\/p>\n","protected":false},"excerpt":{"rendered":"<p><small> 2 minutos<\/small> A Secretaria de Desenvolvimento Econ\u00f4mico e Programas Estrat\u00e9gicos (SEDEPE) e a Ag\u00eancia Estadual de Tecnologia da Informa\u00e7\u00e3o do Maranh\u00e3o (ATI-MA) deram um passo fundamental para que o Maranh\u00e3o ingresse em uma era de alta conectividade digital. Foi assinado, na manh\u00e3 de ontem (5), na sede da ATI-MA, o contrato que garante a ades\u00e3o do Estado ao estado ao cabo submarino internacional de fibra \u00f3ptica, que vir\u00e1 de Fortaleza (CE) at\u00e9 a Guiana Francesa. A cerim\u00f4nia contou com a presen\u00e7a de autoridades e <a href=\"https:\/\/www.abrazpe.org.br\/index.php\/2025\/06\/06\/maranhao-da-passo-fundamental-para-ingressar-na-era-da-alta-conectividade-por-cabo-submarino\/\" class=\"more-link\"><span>Continue lendo<\/span>\u2192<\/a><\/p>\n","protected":false},"author":6,"featured_media":7809,"comment_status":"closed","ping_status":"open","sticky":false,"template":"","format":"standard","meta":{"footnotes":""},"categories":[7],"tags":[72,428,80,139,141,74],"class_list":["entry","author-fpx","post-7808","post","type-post","status-publish","format-standard","has-post-thumbnail","category-noticias","tag-abrazpe","tag-agencia-estadual-de-tecnologia-da-informacao-do-maranhao","tag-comercio-exterior","tag-maranhao","tag-sedepe","tag-zpe"],"_links":{"self":[{"href":"https:\/\/www.abrazpe.org.br\/index.php\/wp-json\/wp\/v2\/posts\/7808","targetHints":{"allow":["GET"]}}],"collection":[{"href":"https:\/\/www.abrazpe.org.br\/index.php\/wp-json\/wp\/v2\/posts"}],"about":[{"href":"https:\/\/www.abrazpe.org.br\/index.php\/wp-json\/wp\/v2\/types\/post"}],"author":[{"embeddable":true,"href":"https:\/\/www.abrazpe.org.br\/index.php\/wp-json\/wp\/v2\/users\/6"}],"replies":[{"embeddable":true,"href":"https:\/\/www.abrazpe.org.br\/index.php\/wp-json\/wp\/v2\/comments?post=7808"}],"version-history":[{"count":1,"href":"https:\/\/www.abrazpe.org.br\/index.php\/wp-json\/wp\/v2\/posts\/7808\/revisions"}],"predecessor-version":[{"id":7810,"href":"https:\/\/www.abrazpe.org.br\/index.php\/wp-json\/wp\/v2\/posts\/7808\/revisions\/7810"}],"wp:featuredmedia":[{"embeddable":true,"href":"https:\/\/www.abrazpe.org.br\/index.php\/wp-json\/wp\/v2\/media\/7809"}],"wp:attachment":[{"href":"https:\/\/www.abrazpe.org.br\/index.php\/wp-json\/wp\/v2\/media?parent=7808"}],"wp:term":[{"taxonomy":"category","embeddable":true,"href":"https:\/\/www.abrazpe.org.br\/index.php\/wp-json\/wp\/v2\/categories?post=7808"},{"taxonomy":"post_tag","embeddable":true,"href":"https:\/\/www.abrazpe.org.br\/index.php\/wp-json\/wp\/v2\/tags?post=7808"}],"curies":[{"name":"wp","href":"https:\/\/api.w.org\/{rel}","templated":true}]}}