{"id":7982,"date":"2025-07-13T09:52:11","date_gmt":"2025-07-13T12:52:11","guid":{"rendered":"https:\/\/www.abrazpe.org.br\/?p=7982"},"modified":"2025-07-13T09:53:26","modified_gmt":"2025-07-13T12:53:26","slug":"helson-braga-defende-ampliacao-estrategica-das-zpes-no-brasil","status":"publish","type":"post","link":"https:\/\/www.abrazpe.org.br\/index.php\/2025\/07\/13\/helson-braga-defende-ampliacao-estrategica-das-zpes-no-brasil\/","title":{"rendered":"Helson Braga defende amplia\u00e7\u00e3o estrat\u00e9gica das ZPEs no Brasil"},"content":{"rendered":"<p class=\"estimated-read-time\">Tempo de leitura:<small> 3 minutos<\/small><\/p> \n<p>Em entrevista ao podcast <em>Integra\u00e7\u00e3o 5.0<\/em>, o economista Helson Braga, presidente da Associa\u00e7\u00e3o Brasileira de Zonas de Processamento de Exporta\u00e7\u00e3o (ABRAZPE), destacou a import\u00e2ncia das ZPEs como instrumento de desenvolvimento regional e nacional, defendendo que o Brasil precisa \u201ccolocar o trem nos trilhos\u201d e avan\u00e7ar na implementa\u00e7\u00e3o pr\u00e1tica do modelo, reformulado legalmente em 2021.<\/p>\n\n\n\n<p><strong>&#8220;J\u00e1 passamos de 30 anos aqui no Brasil tentando colocar o bom senso e o entendimento das coisas corretas&#8221;<\/strong>, disse Braga. Segundo ele, embora as ZPEs ainda enfrentem resist\u00eancias, h\u00e1 um novo momento pol\u00edtico e t\u00e9cnico que pode viabilizar sua expans\u00e3o.<\/p>\n\n\n\n<p>A entrevista aconteceu ap\u00f3s uma sinaliza\u00e7\u00e3o positiva dos BRICS, durante reuni\u00e3o no Rio de Janeiro, que destacou o uso das Zonas de Processamento de Exporta\u00e7\u00e3o. Braga afirmou que o apoio internacional n\u00e3o foi surpresa, pois pa\u00edses como China e Estados Unidos j\u00e1 adotam amplamente esse tipo de mecanismo. <strong>&#8220;Metade do capital estrangeiro que vai para a China vai para essas zonas&#8221;<\/strong>, comentou, ressaltando que <strong>&#8220;existem mais de 150 pa\u00edses no mundo que utilizam isso intensivamente&#8221;<\/strong>.<\/p>\n\n\n\n<figure class=\"wp-block-embed is-type-video is-provider-youtube wp-block-embed-youtube wp-embed-aspect-16-9 wp-has-aspect-ratio\"><div class=\"wp-block-embed__wrapper\">\n<iframe loading=\"lazy\" title=\"Integra\u00e7\u00e3o 5.0 - Ind\u00fastria Porto 11\/07\/25\" width=\"1075\" height=\"605\" src=\"https:\/\/www.youtube.com\/embed\/jZeA3YIougM?feature=oembed\" frameborder=\"0\" allow=\"accelerometer; autoplay; clipboard-write; encrypted-media; gyroscope; picture-in-picture; web-share\" referrerpolicy=\"strict-origin-when-cross-origin\" allowfullscreen><\/iframe>\n<\/div><\/figure>\n\n\n\n<p>Hoje o Brasil possui 13 ZPEs formalmente criadas, das quais apenas quatro est\u00e3o autorizadas a operar pela Receita Federal, com destaque para as unidades no Cear\u00e1, Piau\u00ed, Uberaba e C\u00e1ceres. Braga citou, por exemplo, o projeto de hidrog\u00eanio verde no Piau\u00ed, com investimentos previstos superiores a R$ 100 bilh\u00f5es.<\/p>\n\n\n\n<p>O economista ressaltou que as mudan\u00e7as implementadas pela Lei 14.134\/2021 foram essenciais para viabilizar o funcionamento das ZPEs, especialmente por eliminar a exig\u00eancia de que 80% da produ\u00e7\u00e3o fosse obrigatoriamente exportada. <strong>&#8220;Agora n\u00f3s estamos finalmente colocando o programa para funcionar&#8221;<\/strong>, afirmou.<\/p>\n\n\n\n<p>Entre os benef\u00edcios do modelo, Braga destacou a <strong>gera\u00e7\u00e3o de empregos, a atra\u00e7\u00e3o de investimentos privados, a amplia\u00e7\u00e3o da capacidade exportadora com maior valor agregado<\/strong> e a inexist\u00eancia de custo direto para o governo federal. <strong>&#8220;S\u00f3 tem bondades. E n\u00e3o tem nenhuma contraindica\u00e7\u00e3o&#8221;<\/strong>, pontuou.<\/p>\n\n\n\n<p>Sobre a expans\u00e3o das ZPEs, ele defendeu uma pol\u00edtica gradual, sem cria\u00e7\u00e3o indiscriminada. A meta da ABRAZPE, segundo Braga, \u00e9 <strong>atingir cerca de 20 ZPEs at\u00e9 meados de 2026<\/strong>, priorizando regi\u00f5es com infraestrutura e tamb\u00e9m \u00e1reas menos desenvolvidas. <strong>&#8220;A gente est\u00e1 com muito cuidado, muita cautela e muito bom senso&#8221;<\/strong>, explicou.<\/p>\n\n\n\n<p>Braga lamentou que ainda haja desconhecimento sobre o funcionamento das ZPEs, inclusive entre lideran\u00e7as empresariais. Ele relatou conversa com o presidente da Fiesp, Josu\u00e9 Alencar, que inicialmente se mostrava receoso, mas mudou de opini\u00e3o ap\u00f3s receber informa\u00e7\u00f5es corretas sobre o modelo. <strong>&#8220;Ao final, ele disse: \u2018Se \u00e9 do jeito que voc\u00ea est\u00e1 falando, eu estou de acordo tamb\u00e9m\u2019&#8221;<\/strong>, contou Braga.<\/p>\n\n\n\n<p>O especialista tamb\u00e9m defendeu a instala\u00e7\u00e3o de uma ZPE na Baixada Santista, pr\u00f3xima ao Porto de Santos, por considerar a localiza\u00e7\u00e3o estrat\u00e9gica para o com\u00e9rcio exterior. <strong>&#8220;Todo porto dos Estados Unidos tem o direito de colocar uma ZPE na sua retro\u00e1rea&#8221;<\/strong>, afirmou.<\/p>\n\n\n\n<p>Por fim, Braga celebrou o momento atual como uma virada hist\u00f3rica ap\u00f3s d\u00e9cadas de resist\u00eancia. <strong>&#8220;A gente se mobilizou e conseguimos manter a chama acesa ao longo de todos esses anos para chegar a esse momento&#8221;<\/strong>, finalizou.<\/p>\n","protected":false},"excerpt":{"rendered":"<p><small> 3 minutos<\/small> Em entrevista ao podcast Integra\u00e7\u00e3o 5.0, o economista Helson Braga, presidente da Associa\u00e7\u00e3o Brasileira de Zonas de Processamento de Exporta\u00e7\u00e3o (ABRAZPE), destacou a import\u00e2ncia das ZPEs como instrumento de desenvolvimento regional e nacional, defendendo que o Brasil precisa \u201ccolocar o trem nos trilhos\u201d e avan\u00e7ar na implementa\u00e7\u00e3o pr\u00e1tica do modelo, reformulado legalmente em 2021. &#8220;J\u00e1 passamos de 30 anos aqui no Brasil tentando colocar o bom senso e o entendimento das coisas corretas&#8221;, disse Braga. Segundo ele, embora as ZPEs ainda enfrentem <a href=\"https:\/\/www.abrazpe.org.br\/index.php\/2025\/07\/13\/helson-braga-defende-ampliacao-estrategica-das-zpes-no-brasil\/\" class=\"more-link\"><span>Continue lendo<\/span>\u2192<\/a><\/p>\n","protected":false},"author":6,"featured_media":7983,"comment_status":"closed","ping_status":"open","sticky":false,"template":"","format":"standard","meta":{"footnotes":""},"categories":[7],"tags":[72,478,491,492,476,136,493,490,489,494,295,255,475],"class_list":["entry","author-fpx","post-7982","post","type-post","status-publish","format-standard","has-post-thumbnail","category-noticias","tag-abrazpe","tag-brics","tag-desenvolvimento-regional","tag-economia-brasileira","tag-exportacoes","tag-helson-braga","tag-industria-nacional","tag-infraestrutura-portuaria","tag-investimentos-privados","tag-lei-14-134-2021","tag-porto-de-santos","tag-zonas-de-processamento-de-exportacao","tag-zpes"],"_links":{"self":[{"href":"https:\/\/www.abrazpe.org.br\/index.php\/wp-json\/wp\/v2\/posts\/7982","targetHints":{"allow":["GET"]}}],"collection":[{"href":"https:\/\/www.abrazpe.org.br\/index.php\/wp-json\/wp\/v2\/posts"}],"about":[{"href":"https:\/\/www.abrazpe.org.br\/index.php\/wp-json\/wp\/v2\/types\/post"}],"author":[{"embeddable":true,"href":"https:\/\/www.abrazpe.org.br\/index.php\/wp-json\/wp\/v2\/users\/6"}],"replies":[{"embeddable":true,"href":"https:\/\/www.abrazpe.org.br\/index.php\/wp-json\/wp\/v2\/comments?post=7982"}],"version-history":[{"count":2,"href":"https:\/\/www.abrazpe.org.br\/index.php\/wp-json\/wp\/v2\/posts\/7982\/revisions"}],"predecessor-version":[{"id":7985,"href":"https:\/\/www.abrazpe.org.br\/index.php\/wp-json\/wp\/v2\/posts\/7982\/revisions\/7985"}],"wp:featuredmedia":[{"embeddable":true,"href":"https:\/\/www.abrazpe.org.br\/index.php\/wp-json\/wp\/v2\/media\/7983"}],"wp:attachment":[{"href":"https:\/\/www.abrazpe.org.br\/index.php\/wp-json\/wp\/v2\/media?parent=7982"}],"wp:term":[{"taxonomy":"category","embeddable":true,"href":"https:\/\/www.abrazpe.org.br\/index.php\/wp-json\/wp\/v2\/categories?post=7982"},{"taxonomy":"post_tag","embeddable":true,"href":"https:\/\/www.abrazpe.org.br\/index.php\/wp-json\/wp\/v2\/tags?post=7982"}],"curies":[{"name":"wp","href":"https:\/\/api.w.org\/{rel}","templated":true}]}}