{"id":7990,"date":"2025-07-15T10:27:07","date_gmt":"2025-07-15T13:27:07","guid":{"rendered":"https:\/\/www.abrazpe.org.br\/?p=7990"},"modified":"2025-07-15T10:27:46","modified_gmt":"2025-07-15T13:27:46","slug":"brics-apoia-expansao-de-zpes-como-motor-para-o-crescimento-industrial-e-regional","status":"publish","type":"post","link":"https:\/\/www.abrazpe.org.br\/index.php\/2025\/07\/15\/brics-apoia-expansao-de-zpes-como-motor-para-o-crescimento-industrial-e-regional\/","title":{"rendered":"Brics apoia expans\u00e3o de ZPES como motor para o crescimento industrial e regional"},"content":{"rendered":"<p class=\"estimated-read-time\">Tempo de leitura:<small> 5 minutos<\/small><\/p> \n<p><strong>| Jos\u00e9 Reinaldo Tavares |<\/strong> A 17\u00aa Reuni\u00e3o de C\u00fapula do Brics, no Rio de Janeiro, refor\u00e7ou o compromisso dos pa\u00edses-membros com a expans\u00e3o e fortalecimento das Zonas de Processamento de Exporta\u00e7\u00e3o (ZPEs) como instrumentos estrat\u00e9gicos de desenvolvimento econ\u00f4mico. Em sua Declara\u00e7\u00e3o Final, o bloco reconheceu as ZPES como modelos eficazes para promover a industrializa\u00e7\u00e3o, atrair investimentos, gerar empregos e ampliar o com\u00e9rcio internacional entre as na\u00e7\u00f5es. O Brics destacou que a integra\u00e7\u00e3o das ZPEs \u00e0s cadeias globais de valor \u00e9 fundamental para que esses territ\u00f3rios especiais cumpram seu papel como vetores de crescimento e moderniza\u00e7\u00e3o produtiva. Al\u00e9m do apoio \u00e0 expans\u00e3o das ZPEs, a c\u00fapula recomendou fortalecimento de micro, pequenas e m\u00e9dias empresas e a amplia\u00e7\u00e3o do uso de plataformas digitais, visando maior inclus\u00e3o econ\u00f4mica e dinamismo empresarial. <\/p>\n\n\n\n<p>\u00c9 fundamental ver a import\u00e2ncia que o mundo d\u00e1 a esses programas e como est\u00e1 correta a nossa agenda, que j\u00e1 dava prioridade total aos temas recomendados pelo Brics. Estamos preparados para o desenvolvimento sustent\u00e1vel e n\u00e3o temos tanto tempo a perder, com nossa ZPE (ainda n\u00e3o implantada porque \u043e terreno ainda n\u00e3o foi cedido como manda a Lei) e o cabo submarino e sua expans\u00e3o, em fibra \u00f3tica, a todos os munic\u00edpios maranhenses gra\u00e7as ao apoio recebido do Banco Interamericano de Desenvolvimento (BID) eda Ag\u00eancia Francesa de Desenvolvimento (AFD). Estamos tirando o atraso que sempre nos perseguiu, com muita luta e perseveran\u00e7a. <\/p>\n\n\n\n<p>Mas n\u00e3o ficamos apenas nessas duas grandes vit\u00f3rias. Depois de v\u00e1rios encontros com diretores do Banco Mundial, recebemos a confirma\u00e7\u00e3o, feita em correspond\u00eancia ao Governador Carlos Brand\u00e3o, dia 27 de junho de 2025, referente a um subs\u00eddio de prepara\u00e7\u00e3o para o Projeto de Desenvolvimento Rural do Maranh\u00e3o, Fase VI, sob a Fase VI, da Abordagem Program\u00e1tica Multif\u00e1sica Transformando o Sistema Agroalimentar do Brasil &#8220;Em resposta \u00e0 solicita\u00e7\u00e3o de assist\u00eancia financeira feita em nome do Estado do Maranh\u00e3o (Benefici\u00e1rio), tenho o prazer de informar que o Banco Internacional para Reconstru\u00e7\u00e3o \u0435 Desenvolvimento (BIRD), atuando como administrador fiduci\u00e1rio do Mecanismo de Subs\u00eddio para a prepara\u00e7\u00e3o de projetos, prop\u00f5e conceder ao Benefici\u00e1rio, em benef\u00edcio da Rep\u00fablica Federativa do Brasil (Pa\u00eds Membro), um subs\u00eddio em um valor que n\u00e3o exceda 100 mil d\u00f3lares dos Estados Unidos (USD 100.000) (Subs\u00eddio) nos termos e condi\u00e7\u00f5es estabelecidos ou mencionados nestas descritas no anexo (Atividades). <\/p>\n\n\n\n<p>O objetivo das atividades \u00e9 apoiar a prepara\u00e7\u00e3o de uma proposta de projeto focado na popula\u00e7\u00e3o rural em situa\u00e7\u00e3o de pobreza no Estado, tais como quilombolas e comunidades ind\u00edgenas, concebido para aumentar a seguran\u00e7a alimentar e h\u00eddrica, promover atividades de bioeconomia \u0435 apoiar a agricultura familiar sustent\u00e1vel e resiliente, bem como promover melhores pr\u00e1ticas ambientais no Estado do Maranh\u00e3o, sob a Fase VI do MPA (Projeto), cuja prepara\u00e7\u00e3o tem sido apoiada por Atividades, para execu\u00e7\u00e3o das quais o Benefici\u00e1rio solicitou assist\u00eancia financeira do Banco. <\/p>\n\n\n\n<p>O avan\u00e7o das tratativas com o BIRD tem sido r\u00e1pido e recebemos atrav\u00e9s de Ant\u00f4nio Nunes, chefe da Assessoria de Projetos e Rela\u00e7\u00f5es Internacionais da SEDEPE, uma mensagem de whatsapp nesses termos que repasso integralmente: &#8220;Bom dia, Ant\u00f4nio! Tudo bem? Essa doa\u00e7\u00e3o j\u00e1 conta com Nota T\u00e9cnica favor\u00e1vel e a Resolu\u00e7\u00e3o foi encaminhada para assinatura do presidente da COFIEX. Assim que ele assinar e for publicada no DOU, voc\u00eas devem receber&#8221;. (Esse posicionamento foi dado pelo coordenador da COFIEX sobre a autoriza\u00e7\u00e3o da doa\u00e7\u00e3o de 100.000 d\u00f3lares do Banco Mundial). <\/p>\n\n\n\n<p>O nosso desejo \u00e9 avan\u00e7ar no controle dos recursos h\u00eddricos do estado, a come\u00e7ar sobre o controle da vaz\u00e3o do Rio Itapecuru, utilizando esses recursos, j\u00e1 que \u00e9 pertinente com o objetivo do projeto descrito na carta do Banco Mundial, pois n\u00e3o se faz nada e nem agricultura familiar, sem \u00e1gua. Pretendemos contratar os termos de refer\u00eancia desse projeto e um projeto b\u00e1sico de como fazer esse controle da vaz\u00e3o, evitando que toda a \u00e1gua v\u00e1 para o mar. E tamb\u00e9m estamos em meio a tratativas com o BNDES. Na ter\u00e7a feira passada, em reuni\u00e3o na SEDEPE, cinco empresas apresentaram projetos para o edital que apoiaremos no BNDES. S\u00e3o empresas no segmento de data centers (tr\u00eas empresas, duas de data centers e uma de data intelig\u00eancia artificial, sa\u00fade e mecaniza\u00e7\u00e3oagr\u00edcola). Esses projetos ser\u00e3oapresentados ao BNDES, ainda neste m\u00eas, para an\u00e1lise de financiamento. Alguns deles poder\u00e3o ser instalados naZPE, no futuro. As nossas reuni\u00f5es com o BNDES t\u00eam um sentido muito promissor e tudo \u00e9 feito em entendimento com a institui\u00e7\u00e3o banc\u00e1ria. Todos os projetos que ser\u00e3o apresentados passam antes pela nossa aprova\u00e7\u00e3o. E visam ao desenvolvimento do estado trazendo investimentos e empregos. <\/p>\n\n\n\n<p>E, para encerrar, estamos em tratativas muito importantes com creches do estado, discutindo o uso de Intelig\u00eancia Artificial (IA) para tornar nosso ensino infantil e b\u00e1sico muito mais atrativo para as crian\u00e7as. Queremos ver crian\u00e7as pobresinteressadas em ir para a escola, queremos evitaro abandono da escola, como tamb\u00e9m crian\u00e7as fora da sua idade para aquela s\u00e9rie. Al\u00e9m de todas as vantagens, diminuio custo da educa\u00e7\u00e3o b\u00e1sica e tem como objetivo maior a crian\u00e7a aprender o mais cedo poss\u00edvel a ler, escrever e fazercontas b\u00e1sicas. E muito importante trazer a Intelig\u00eancia Artificial para dentro do col\u00e9gio, o mais cedoposs\u00edvel, pois a IA veio para ficar e vai fazer parte de tudo.<\/p>\n\n\n\n<p class=\"has-small-font-size\"><strong>Fonte: Jornal Pequeno  | Foto: Divulga\u00e7\u00e3o<\/strong><\/p>\n","protected":false},"excerpt":{"rendered":"<p><small> 5 minutos<\/small> | Jos\u00e9 Reinaldo Tavares | A 17\u00aa Reuni\u00e3o de C\u00fapula do Brics, no Rio de Janeiro, refor\u00e7ou o compromisso dos pa\u00edses-membros com a expans\u00e3o e fortalecimento das Zonas de Processamento de Exporta\u00e7\u00e3o (ZPEs) como instrumentos estrat\u00e9gicos de desenvolvimento econ\u00f4mico. Em sua Declara\u00e7\u00e3o Final, o bloco reconheceu as ZPES como modelos eficazes para promover a industrializa\u00e7\u00e3o, atrair investimentos, gerar empregos e ampliar o com\u00e9rcio internacional entre as na\u00e7\u00f5es. O Brics destacou que a integra\u00e7\u00e3o das ZPEs \u00e0s cadeias globais de valor \u00e9 fundamental <a href=\"https:\/\/www.abrazpe.org.br\/index.php\/2025\/07\/15\/brics-apoia-expansao-de-zpes-como-motor-para-o-crescimento-industrial-e-regional\/\" class=\"more-link\"><span>Continue lendo<\/span>\u2192<\/a><\/p>\n","protected":false},"author":6,"featured_media":7965,"comment_status":"closed","ping_status":"open","sticky":false,"template":"","format":"standard","meta":{"footnotes":""},"categories":[5],"tags":[72,80,74],"class_list":["entry","author-fpx","post-7990","post","type-post","status-publish","format-standard","has-post-thumbnail","category-artigos","tag-abrazpe","tag-comercio-exterior","tag-zpe"],"_links":{"self":[{"href":"https:\/\/www.abrazpe.org.br\/index.php\/wp-json\/wp\/v2\/posts\/7990","targetHints":{"allow":["GET"]}}],"collection":[{"href":"https:\/\/www.abrazpe.org.br\/index.php\/wp-json\/wp\/v2\/posts"}],"about":[{"href":"https:\/\/www.abrazpe.org.br\/index.php\/wp-json\/wp\/v2\/types\/post"}],"author":[{"embeddable":true,"href":"https:\/\/www.abrazpe.org.br\/index.php\/wp-json\/wp\/v2\/users\/6"}],"replies":[{"embeddable":true,"href":"https:\/\/www.abrazpe.org.br\/index.php\/wp-json\/wp\/v2\/comments?post=7990"}],"version-history":[{"count":1,"href":"https:\/\/www.abrazpe.org.br\/index.php\/wp-json\/wp\/v2\/posts\/7990\/revisions"}],"predecessor-version":[{"id":7991,"href":"https:\/\/www.abrazpe.org.br\/index.php\/wp-json\/wp\/v2\/posts\/7990\/revisions\/7991"}],"wp:featuredmedia":[{"embeddable":true,"href":"https:\/\/www.abrazpe.org.br\/index.php\/wp-json\/wp\/v2\/media\/7965"}],"wp:attachment":[{"href":"https:\/\/www.abrazpe.org.br\/index.php\/wp-json\/wp\/v2\/media?parent=7990"}],"wp:term":[{"taxonomy":"category","embeddable":true,"href":"https:\/\/www.abrazpe.org.br\/index.php\/wp-json\/wp\/v2\/categories?post=7990"},{"taxonomy":"post_tag","embeddable":true,"href":"https:\/\/www.abrazpe.org.br\/index.php\/wp-json\/wp\/v2\/tags?post=7990"}],"curies":[{"name":"wp","href":"https:\/\/api.w.org\/{rel}","templated":true}]}}