{"id":7992,"date":"2025-07-17T09:35:27","date_gmt":"2025-07-17T12:35:27","guid":{"rendered":"https:\/\/www.abrazpe.org.br\/?p=7992"},"modified":"2025-07-17T09:35:28","modified_gmt":"2025-07-17T12:35:28","slug":"vice-governadora-apresenta-potencial-logistico-do-acre-em-encontro-com-representante-da-camara-de-comercio-brasil-china","status":"publish","type":"post","link":"https:\/\/www.abrazpe.org.br\/index.php\/2025\/07\/17\/vice-governadora-apresenta-potencial-logistico-do-acre-em-encontro-com-representante-da-camara-de-comercio-brasil-china\/","title":{"rendered":"Vice-governadora apresenta potencial log\u00edstico do Acre em encontro com representante da C\u00e2mara de Com\u00e9rcio Brasil-China"},"content":{"rendered":"<p class=\"estimated-read-time\">Tempo de leitura:<small> 2 minutos<\/small><\/p> \n<p>Em agenda institucional no Rio de Janeiro, a vice-governadora Mailza Assis se reuniu nesta segunda-feira, 14, com M\u00e1rcia Wu, vice-presidente da C\u00e2mara de Com\u00e9rcio de Zhejiang Brasil-China e secret\u00e1ria-geral da C\u00e2mara de Interc\u00e2mbio Cultural Brasil-China. O encontro se deu na sede da Superintend\u00eancia do Minist\u00e9rio da Agricultura, Pecu\u00e1ria e Abastecimento (MAPA) e teve como objetivo fortalecer os la\u00e7os institucionais e diplom\u00e1ticos, promovendo o estado como rota estrat\u00e9gica log\u00edstica e econ\u00f4mica.<\/p>\n\n\n\n<p>Um dos principais temas abordados na reuni\u00e3o foi a Zona de Processamento de Exporta\u00e7\u00e3o do Acre (ZPE-AC), localizada em Senador Guiomard, que oferece regime aduaneiro especial, isen\u00e7\u00e3o de impostos para exporta\u00e7\u00f5es e estrutura para instala\u00e7\u00e3o de v\u00e1rias ind\u00fastrias.<\/p>\n\n\n\n<p>\u201cO Acre tem uma posi\u00e7\u00e3o estrat\u00e9gica \u00fanica no pa\u00eds. Isso nos coloca em destaque como elo entre o Brasil e os mercados do Peru, Bol\u00edvia e, principalmente, da \u00c1sia\u201d, enfatizou Mailza.<\/p>\n\n\n\n<p>A ZPE do Acre conta com 117 lotes regularizados e est\u00e1 em fase final de implanta\u00e7\u00e3o do sistema tecnol\u00f3gico alfandeg\u00e1rio,&nbsp;<a href=\"https:\/\/agencia.ac.gov.br\/seminario-debate-retomada-da-zpe-do-acre-como-estrategia-de-desenvolvimento-economico\/\" target=\"_blank\" rel=\"noreferrer noopener\"><strong>com previs\u00e3o de funcionamento at\u00e9 novembro deste ano<\/strong>.<\/a><\/p>\n\n\n\n<p>No encontro, tamb\u00e9m foi apresentado o contexto da integra\u00e7\u00e3o bioce\u00e2nica que vem se consolidando com a inaugura\u00e7\u00e3o do Porto de Chancay, no Peru, considerado uma nova porta de entrada para o com\u00e9rcio sul-americano com a China.<\/p>\n\n\n\n<p>Segundo Lauro Santos, diretor administrativo da ZPE\/AC, a rota representa uma economia significativa de tempo e custo. \u201cS\u00f3 de frete mar\u00edtimo, conseguimos economizar at\u00e9 15 dias. Isso \u00e9 um ganho log\u00edstico que muda a l\u00f3gica da exporta\u00e7\u00e3o brasileira para o mercado asi\u00e1tico,\u201d disse.<\/p>\n\n\n\n<p>Ainda durante o encontro, Mailza convidou M\u00e1rcia Wu para visitar o Acre durante a Expoacre 2025, que ser\u00e1 realizada entre os dias 26 de julho e 3 de agosto em Rio Branco, al\u00e9m da proposta de realiza\u00e7\u00e3o de um semin\u00e1rio no Rio de Janeiro para apresentar o estado do Acre como rota estrat\u00e9gica de investimentos internacionais.<\/p>\n\n\n\n<p>No dia 7 de julho, Brasil e China assinaram um acordo de coopera\u00e7\u00e3o para estudos sobre a constru\u00e7\u00e3o de uma ferrovia transcontinental ligando o Porto de Ilh\u00e9us (BA) ao Porto de Chancay (PE), passando por estados como Goi\u00e1s, Mato Grosso, Rond\u00f4nia e Acre. A proposta faz parte da estrat\u00e9gia de ampliar e facilitar o escoamento de produtos brasileiros rumo \u00e0 \u00c1sia.<\/p>\n\n\n\n<p class=\"has-small-font-size\"><strong>Fonte Ag\u00eancia de Not\u00edcias | Foto: Divulga\u00e7\u00e3o<\/strong><a href=\"https:\/\/agencia.ac.gov.br\/wp-content\/uploads\/2025\/07\/WhatsApp-Image-2025-07-14-at-20.45.21.jpeg\" target=\"_blank\" rel=\"noreferrer noopener\"><\/a><\/p>\n","protected":false},"excerpt":{"rendered":"<p><small> 2 minutos<\/small> Em agenda institucional no Rio de Janeiro, a vice-governadora Mailza Assis se reuniu nesta segunda-feira, 14, com M\u00e1rcia Wu, vice-presidente da C\u00e2mara de Com\u00e9rcio de Zhejiang Brasil-China e secret\u00e1ria-geral da C\u00e2mara de Interc\u00e2mbio Cultural Brasil-China. O encontro se deu na sede da Superintend\u00eancia do Minist\u00e9rio da Agricultura, Pecu\u00e1ria e Abastecimento (MAPA) e teve como objetivo fortalecer os la\u00e7os institucionais e diplom\u00e1ticos, promovendo o estado como rota estrat\u00e9gica log\u00edstica e econ\u00f4mica. Um dos principais temas abordados na reuni\u00e3o foi a Zona de Processamento <a href=\"https:\/\/www.abrazpe.org.br\/index.php\/2025\/07\/17\/vice-governadora-apresenta-potencial-logistico-do-acre-em-encontro-com-representante-da-camara-de-comercio-brasil-china\/\" class=\"more-link\"><span>Continue lendo<\/span>\u2192<\/a><\/p>\n","protected":false},"author":6,"featured_media":7993,"comment_status":"closed","ping_status":"open","sticky":false,"template":"","format":"standard","meta":{"footnotes":""},"categories":[7],"tags":[72,65,495,80,496,74],"class_list":["entry","author-fpx","post-7992","post","type-post","status-publish","format-standard","has-post-thumbnail","category-noticias","tag-abrazpe","tag-acre","tag-camara-de-comercio-brasil-china","tag-comercio-exterior","tag-mailza-assis","tag-zpe"],"_links":{"self":[{"href":"https:\/\/www.abrazpe.org.br\/index.php\/wp-json\/wp\/v2\/posts\/7992","targetHints":{"allow":["GET"]}}],"collection":[{"href":"https:\/\/www.abrazpe.org.br\/index.php\/wp-json\/wp\/v2\/posts"}],"about":[{"href":"https:\/\/www.abrazpe.org.br\/index.php\/wp-json\/wp\/v2\/types\/post"}],"author":[{"embeddable":true,"href":"https:\/\/www.abrazpe.org.br\/index.php\/wp-json\/wp\/v2\/users\/6"}],"replies":[{"embeddable":true,"href":"https:\/\/www.abrazpe.org.br\/index.php\/wp-json\/wp\/v2\/comments?post=7992"}],"version-history":[{"count":1,"href":"https:\/\/www.abrazpe.org.br\/index.php\/wp-json\/wp\/v2\/posts\/7992\/revisions"}],"predecessor-version":[{"id":7994,"href":"https:\/\/www.abrazpe.org.br\/index.php\/wp-json\/wp\/v2\/posts\/7992\/revisions\/7994"}],"wp:featuredmedia":[{"embeddable":true,"href":"https:\/\/www.abrazpe.org.br\/index.php\/wp-json\/wp\/v2\/media\/7993"}],"wp:attachment":[{"href":"https:\/\/www.abrazpe.org.br\/index.php\/wp-json\/wp\/v2\/media?parent=7992"}],"wp:term":[{"taxonomy":"category","embeddable":true,"href":"https:\/\/www.abrazpe.org.br\/index.php\/wp-json\/wp\/v2\/categories?post=7992"},{"taxonomy":"post_tag","embeddable":true,"href":"https:\/\/www.abrazpe.org.br\/index.php\/wp-json\/wp\/v2\/tags?post=7992"}],"curies":[{"name":"wp","href":"https:\/\/api.w.org\/{rel}","templated":true}]}}