{"id":8023,"date":"2025-07-22T10:33:28","date_gmt":"2025-07-22T13:33:28","guid":{"rendered":"https:\/\/www.abrazpe.org.br\/?p=8023"},"modified":"2025-07-22T10:33:30","modified_gmt":"2025-07-22T13:33:30","slug":"mp-da-zona-de-processamento-de-exportacao-viabiliza-data-center-no-ce","status":"publish","type":"post","link":"https:\/\/www.abrazpe.org.br\/index.php\/2025\/07\/22\/mp-da-zona-de-processamento-de-exportacao-viabiliza-data-center-no-ce\/","title":{"rendered":"MP da Zona de Processamento de Exporta\u00e7\u00e3o viabiliza data center no CE"},"content":{"rendered":"<p class=\"estimated-read-time\">Tempo de leitura:<small> 1 minuto<\/small><\/p> \n<p>O presidente Luiz In\u00e1cio Lula da Silva (PT) editou uma <strong>medida provis\u00f3ria que torna obrigat\u00f3rio o uso de energia renov\u00e1vel para aprova\u00e7\u00e3o de novos projetos nas ZPEs (Zonas de Processamento de Exporta\u00e7\u00e3o)<\/strong>. A norma foi publicada no <strong>Di\u00e1rio Oficial da Uni\u00e3o nesta segunda-feira (21)<\/strong> e passa a valer para todos os empreendimentos protocolados <strong>a partir de 18 de julho de 2025<\/strong>.<\/p>\n\n\n\n<p>Al\u00e9m da exig\u00eancia ambiental, a MP tamb\u00e9m <strong>amplia a permiss\u00e3o para atua\u00e7\u00e3o de empresas prestadoras de servi\u00e7os dentro das ZPEs<\/strong>, o que inclui <strong>companhias de tecnologia voltadas \u00e0 exporta\u00e7\u00e3o<\/strong> que utilizam <strong>energia limpa<\/strong>. Um dos segmentos diretamente beneficiados \u00e9 o de <strong>data centers com foco internacional<\/strong>, como os interessados no projeto instalado no <strong>Porto do Pec\u00e9m, no Cear\u00e1<\/strong>.<\/p>\n\n\n\n<p>Criadas pela <strong>Lei n\u00ba 11.508\/2007<\/strong>, as ZPEs oferecem <strong>incentivos fiscais, cambiais e administrativos<\/strong> a neg\u00f3cios que destinem <strong>ao menos 80% de sua produ\u00e7\u00e3o ou servi\u00e7os ao mercado externo<\/strong>. Com a nova medida, o governo federal refor\u00e7a a pol\u00edtica de <strong>transi\u00e7\u00e3o energ\u00e9tica<\/strong>, integrando o incentivo \u00e0 exporta\u00e7\u00e3o com metas ambientais.<\/p>\n\n\n\n<div data-wp-interactive=\"core\/file\" class=\"wp-block-file\"><object data-wp-bind--hidden=\"!state.hasPdfPreview\" hidden class=\"wp-block-file__embed\" data=\"https:\/\/www.abrazpe.org.br\/wp-content\/uploads\/2025\/07\/medida-provisoria-zona-processamento-exportacao.pdf\" type=\"application\/pdf\" style=\"width:100%;height:600px\" aria-label=\"Incorporado de medida-provisoria-zona-processamento-exportacao.\"><\/object><a id=\"wp-block-file--media-c5175d47-110d-48c9-a156-35a6313c265e\" href=\"https:\/\/www.abrazpe.org.br\/wp-content\/uploads\/2025\/07\/medida-provisoria-zona-processamento-exportacao.pdf\">medida-provisoria-zona-processamento-exportacao<\/a><a href=\"https:\/\/www.abrazpe.org.br\/wp-content\/uploads\/2025\/07\/medida-provisoria-zona-processamento-exportacao.pdf\" class=\"wp-block-file__button wp-element-button\" download aria-describedby=\"wp-block-file--media-c5175d47-110d-48c9-a156-35a6313c265e\">Baixar<\/a><\/div>\n\n\n\n<p class=\"has-small-font-size\"><strong>Fonte\/Foto: Poder 360<\/strong><\/p>\n","protected":false},"excerpt":{"rendered":"<p><small> 1 minuto<\/small> O presidente Luiz In\u00e1cio Lula da Silva (PT) editou uma medida provis\u00f3ria que torna obrigat\u00f3rio o uso de energia renov\u00e1vel para aprova\u00e7\u00e3o de novos projetos nas ZPEs (Zonas de Processamento de Exporta\u00e7\u00e3o). A norma foi publicada no Di\u00e1rio Oficial da Uni\u00e3o nesta segunda-feira (21) e passa a valer para todos os empreendimentos protocolados a partir de 18 de julho de 2025. Al\u00e9m da exig\u00eancia ambiental, a MP tamb\u00e9m amplia a permiss\u00e3o para atua\u00e7\u00e3o de empresas prestadoras de servi\u00e7os dentro das ZPEs, o <a href=\"https:\/\/www.abrazpe.org.br\/index.php\/2025\/07\/22\/mp-da-zona-de-processamento-de-exportacao-viabiliza-data-center-no-ce\/\" class=\"more-link\"><span>Continue lendo<\/span>\u2192<\/a><\/p>\n","protected":false},"author":6,"featured_media":8024,"comment_status":"closed","ping_status":"open","sticky":false,"template":"","format":"standard","meta":{"footnotes":""},"categories":[7],"tags":[72,80,502,292,476,106,499,98,500,498,501,74,475],"class_list":["entry","author-fpx","post-8023","post","type-post","status-publish","format-standard","has-post-thumbnail","category-noticias","tag-abrazpe","tag-comercio-exterior","tag-data-centers","tag-energia-renovavel","tag-exportacoes","tag-governo-federal","tag-incentivos-fiscais","tag-lula","tag-medida-provisoria","tag-porto-do-pecem","tag-projetos-sustentaveis","tag-zpe","tag-zpes"],"_links":{"self":[{"href":"https:\/\/www.abrazpe.org.br\/index.php\/wp-json\/wp\/v2\/posts\/8023","targetHints":{"allow":["GET"]}}],"collection":[{"href":"https:\/\/www.abrazpe.org.br\/index.php\/wp-json\/wp\/v2\/posts"}],"about":[{"href":"https:\/\/www.abrazpe.org.br\/index.php\/wp-json\/wp\/v2\/types\/post"}],"author":[{"embeddable":true,"href":"https:\/\/www.abrazpe.org.br\/index.php\/wp-json\/wp\/v2\/users\/6"}],"replies":[{"embeddable":true,"href":"https:\/\/www.abrazpe.org.br\/index.php\/wp-json\/wp\/v2\/comments?post=8023"}],"version-history":[{"count":1,"href":"https:\/\/www.abrazpe.org.br\/index.php\/wp-json\/wp\/v2\/posts\/8023\/revisions"}],"predecessor-version":[{"id":8026,"href":"https:\/\/www.abrazpe.org.br\/index.php\/wp-json\/wp\/v2\/posts\/8023\/revisions\/8026"}],"wp:featuredmedia":[{"embeddable":true,"href":"https:\/\/www.abrazpe.org.br\/index.php\/wp-json\/wp\/v2\/media\/8024"}],"wp:attachment":[{"href":"https:\/\/www.abrazpe.org.br\/index.php\/wp-json\/wp\/v2\/media?parent=8023"}],"wp:term":[{"taxonomy":"category","embeddable":true,"href":"https:\/\/www.abrazpe.org.br\/index.php\/wp-json\/wp\/v2\/categories?post=8023"},{"taxonomy":"post_tag","embeddable":true,"href":"https:\/\/www.abrazpe.org.br\/index.php\/wp-json\/wp\/v2\/tags?post=8023"}],"curies":[{"name":"wp","href":"https:\/\/api.w.org\/{rel}","templated":true}]}}