{"id":8027,"date":"2025-07-22T10:36:03","date_gmt":"2025-07-22T13:36:03","guid":{"rendered":"https:\/\/www.abrazpe.org.br\/?p=8027"},"modified":"2025-07-22T10:36:04","modified_gmt":"2025-07-22T13:36:04","slug":"codec-fortalece-parceria-com-empresa-para-implantacao-da-zpe-de-barcarena","status":"publish","type":"post","link":"https:\/\/www.abrazpe.org.br\/index.php\/2025\/07\/22\/codec-fortalece-parceria-com-empresa-para-implantacao-da-zpe-de-barcarena\/","title":{"rendered":"Codec fortalece parceria com empresa para implanta\u00e7\u00e3o da ZPE de Barcarena"},"content":{"rendered":"<p class=\"estimated-read-time\">Tempo de leitura:<small> 3 minutos<\/small><\/p> \n<p>A Companhia de Desenvolvimento Econ\u00f4mico do Par\u00e1 (Codec) recebeu, nesta segunda-feira (21), o representante da Bravo Minera\u00e7\u00e3o, Ot\u00e1vio Monteiro, para mais uma reuni\u00e3o de alinhamento sobre o projeto de implanta\u00e7\u00e3o da Zona de Processamento de Exporta\u00e7\u00e3o (ZPE) de Barcarena (Regi\u00e3o Metropolitana de Bel\u00e9m). A iniciativa, que conta com a empresa Bravo como \u00e2ncora, \u00e9 resultado de uma articula\u00e7\u00e3o cont\u00ednua entre a iniciativa privada e o governo do Estado para promover o desenvolvimento industrial sustent\u00e1vel na regi\u00e3o, voltado especialmente para a verticaliza\u00e7\u00e3o das cadeias produtivas, com \u00eanfase na exporta\u00e7\u00e3o.<\/p>\n\n\n\n<p>A ZPE de Barcarena representa um vetor estrat\u00e9gico para o fortalecimento da industrializa\u00e7\u00e3o no Par\u00e1, ao oferecer um ambiente regulat\u00f3rio diferenciado, que estimula a produ\u00e7\u00e3o voltada \u00e0 exporta\u00e7\u00e3o com benef\u00edcios fiscais, cambiais, aduaneiros e administrativos. Localizada em uma regi\u00e3o com infraestrutura portu\u00e1ria consolidada e proximidade dos principais centros extrativistas do Estado, a ZPE tem potencial para atrair novos investimentos, diversificar a matriz econ\u00f4mica, promover a gera\u00e7\u00e3o de empregos qualificados e inserir o Par\u00e1 de forma ainda mais competitiva no mercado internacional.<\/p>\n\n\n\n<p><strong>Visita t\u00e9cnica<\/strong>&nbsp;&#8211; Durante o encontro, realizado na sede da Codec, em Bel\u00e9m, foram discutidos os pr\u00f3ximos passos para a tramita\u00e7\u00e3o do projeto na esfera federal. Um dos encaminhamentos definidos foi uma visita t\u00e9cnica a Bras\u00edlia (DF), prevista para agosto, com representantes da Bravo e da Codec. A miss\u00e3o vai priorizar o di\u00e1logo institucional com o Conselho Nacional das Zonas de Processamento de Exporta\u00e7\u00e3o (CZPE), visando dar celeridade ao processo e alinhar os ajustes necess\u00e1rios para a efetiva\u00e7\u00e3o da ZPE.<\/p>\n\n\n\n<p>Outro ponto debatido foi a organiza\u00e7\u00e3o de um evento, previsto para setembro, com o objetivo de apresentar o projeto-\u00e2ncora e os benef\u00edcios da ZPE \u00e0 sociedade paraense. A proposta \u00e9 promover um momento de escuta e transpar\u00eancia, detalhando os benef\u00edcios esperados com a implanta\u00e7\u00e3o da ZPE, como a gera\u00e7\u00e3o de empregos qualificados, est\u00edmulo \u00e0 industrializa\u00e7\u00e3o local, valoriza\u00e7\u00e3o das cadeias produtivas priorit\u00e1rias e atra\u00e7\u00e3o de investimentos.<\/p>\n\n\n\n<figure class=\"wp-block-image\"><a class=\"imgGcLink\" href=\"https:\/\/agenciapara.com.br\/midias\/2025\/grandes\/20250721141147-GC00069025-F00251200.webp\"><img decoding=\"async\" src=\"https:\/\/agenciapara.com.br\/midias\/2025\/medias\/20250721141147-GC00069025-F00251200.webp\" alt=\"\" title=\"Foto: Divulga\u00e7\u00e3o\"\/><\/a><\/figure>\n\n\n\n<p><strong>Tecnologia limpa<\/strong>&nbsp;&#8211; A Bravo Minera\u00e7\u00e3o tem como proposta a verticaliza\u00e7\u00e3o da cadeia do min\u00e9rio de ferro extra\u00eddo no Par\u00e1, com a instala\u00e7\u00e3o de uma planta industrial voltada \u00e0 transforma\u00e7\u00e3o mineral por meio de tecnologias limpas, energia renov\u00e1vel e reaproveitamento de res\u00edduos industriais. A iniciativa est\u00e1 em conson\u00e2ncia com as diretrizes do Governo do Par\u00e1 para o fortalecimento de uma economia de baixo carbono, aliando inova\u00e7\u00e3o, responsabilidade ambiental e agrega\u00e7\u00e3o de valor \u00e0 produ\u00e7\u00e3o paraense.<\/p>\n\n\n\n<p>\u201cA Bravo acredita no potencial do Par\u00e1 como refer\u00eancia nacional em industrializa\u00e7\u00e3o sustent\u00e1vel. Nosso projeto est\u00e1 alinhado com as diretrizes de verticaliza\u00e7\u00e3o mineral, uso de energia limpa e reaproveitamento de subprodutos. A ZPE de Barcarena representa uma oportunidade estrat\u00e9gica para exportar produtos com valor agregado, gerar empregos qualificados e contribuir para uma economia mais verde\u201d, afirmou Ot\u00e1vio Monteiro, representante da Bravo Minera\u00e7\u00e3o.<\/p>\n\n\n\n<p>\u201cA Codec, na qualidade de respons\u00e1vel pela implanta\u00e7\u00e3o da ZPE de Barcarena, tem diligenciado a\u00e7\u00f5es e articula\u00e7\u00e3o t\u00e9cnica e institucional junto ao Governo Federal. A visita ao CZPE ser\u00e1 fundamental para avan\u00e7armos com seguran\u00e7a jur\u00eddica e agilidade na instru\u00e7\u00e3o do processo. Ao mesmo tempo, estamos comprometidos com a transpar\u00eancia e o di\u00e1logo com a sociedade, aproximando esse projeto da popula\u00e7\u00e3o paraense\u201d, destacou P\u00e1dua Rodrigues, diretor de Estrat\u00e9gia e Rela\u00e7\u00f5es Institucionais da Codec e diretor de Implanta\u00e7\u00e3o da ZPE de Barcarena.<\/p>\n\n\n\n<p class=\"has-small-font-size\"><strong>Fonte\/Foto: Divulga\u00e7\u00e3o<\/strong><a href=\"https:\/\/agenciapara.com.br\/midias\/2025\/grandes\/20250721141129-GC00069025-F00251198.webp\"><\/a><\/p>\n","protected":false},"excerpt":{"rendered":"<p><small> 3 minutos<\/small> A Companhia de Desenvolvimento Econ\u00f4mico do Par\u00e1 (Codec) recebeu, nesta segunda-feira (21), o representante da Bravo Minera\u00e7\u00e3o, Ot\u00e1vio Monteiro, para mais uma reuni\u00e3o de alinhamento sobre o projeto de implanta\u00e7\u00e3o da Zona de Processamento de Exporta\u00e7\u00e3o (ZPE) de Barcarena (Regi\u00e3o Metropolitana de Bel\u00e9m). A iniciativa, que conta com a empresa Bravo como \u00e2ncora, \u00e9 resultado de uma articula\u00e7\u00e3o cont\u00ednua entre a iniciativa privada e o governo do Estado para promover o desenvolvimento industrial sustent\u00e1vel na regi\u00e3o, voltado especialmente para a verticaliza\u00e7\u00e3o das <a href=\"https:\/\/www.abrazpe.org.br\/index.php\/2025\/07\/22\/codec-fortalece-parceria-com-empresa-para-implantacao-da-zpe-de-barcarena\/\" class=\"more-link\"><span>Continue lendo<\/span>\u2192<\/a><\/p>\n","protected":false},"author":6,"featured_media":8028,"comment_status":"closed","ping_status":"open","sticky":false,"template":"","format":"standard","meta":{"footnotes":""},"categories":[7],"tags":[72,187,185,80,186,74],"class_list":["entry","author-fpx","post-8027","post","type-post","status-publish","format-standard","has-post-thumbnail","category-noticias","tag-abrazpe","tag-barcarena","tag-codec","tag-comercio-exterior","tag-para","tag-zpe"],"_links":{"self":[{"href":"https:\/\/www.abrazpe.org.br\/index.php\/wp-json\/wp\/v2\/posts\/8027","targetHints":{"allow":["GET"]}}],"collection":[{"href":"https:\/\/www.abrazpe.org.br\/index.php\/wp-json\/wp\/v2\/posts"}],"about":[{"href":"https:\/\/www.abrazpe.org.br\/index.php\/wp-json\/wp\/v2\/types\/post"}],"author":[{"embeddable":true,"href":"https:\/\/www.abrazpe.org.br\/index.php\/wp-json\/wp\/v2\/users\/6"}],"replies":[{"embeddable":true,"href":"https:\/\/www.abrazpe.org.br\/index.php\/wp-json\/wp\/v2\/comments?post=8027"}],"version-history":[{"count":1,"href":"https:\/\/www.abrazpe.org.br\/index.php\/wp-json\/wp\/v2\/posts\/8027\/revisions"}],"predecessor-version":[{"id":8029,"href":"https:\/\/www.abrazpe.org.br\/index.php\/wp-json\/wp\/v2\/posts\/8027\/revisions\/8029"}],"wp:featuredmedia":[{"embeddable":true,"href":"https:\/\/www.abrazpe.org.br\/index.php\/wp-json\/wp\/v2\/media\/8028"}],"wp:attachment":[{"href":"https:\/\/www.abrazpe.org.br\/index.php\/wp-json\/wp\/v2\/media?parent=8027"}],"wp:term":[{"taxonomy":"category","embeddable":true,"href":"https:\/\/www.abrazpe.org.br\/index.php\/wp-json\/wp\/v2\/categories?post=8027"},{"taxonomy":"post_tag","embeddable":true,"href":"https:\/\/www.abrazpe.org.br\/index.php\/wp-json\/wp\/v2\/tags?post=8027"}],"curies":[{"name":"wp","href":"https:\/\/api.w.org\/{rel}","templated":true}]}}