{"id":8156,"date":"2025-09-01T10:24:40","date_gmt":"2025-09-01T13:24:40","guid":{"rendered":"https:\/\/www.abrazpe.org.br\/?p=8156"},"modified":"2025-09-01T10:24:41","modified_gmt":"2025-09-01T13:24:41","slug":"fiema-destaca-papel-das-zpes-e-distritos-industriais-no-desenvolvimento-economico","status":"publish","type":"post","link":"https:\/\/www.abrazpe.org.br\/index.php\/2025\/09\/01\/fiema-destaca-papel-das-zpes-e-distritos-industriais-no-desenvolvimento-economico\/","title":{"rendered":"Fiema destaca papel das ZPEs e distritos industriais no desenvolvimento econ\u00f4mico"},"content":{"rendered":"<p class=\"estimated-read-time\">Tempo de leitura:<small> 6 minutos<\/small><\/p> \n<p>A reuni\u00e3o do Conselho Tem\u00e1tico de Desenvolvimento Industrial e Inova\u00e7\u00e3o (CODIN) da FIEMA, realizada na \u00faltima sexta-feira (29\/08), abordou temas estrat\u00e9gicos para o crescimento industrial do Maranh\u00e3o, incluindo o panorama dos parques empresariais e distritos industriais do estado em 2025, al\u00e9m do status e pr\u00f3ximos passos para funcionamento da Zona de Processamento de Exporta\u00e7\u00e3o (ZPE) de Bacabeira, como o alfandegamento pela Receita Federal, a regulariza\u00e7\u00e3o fundi\u00e1ria, o avan\u00e7o nas licen\u00e7as ambientais e a formaliza\u00e7\u00e3o dos contratos.<\/p>\n\n\n\n<p>O vice-presidente executivo da FIEMA e presidente do CODIN, Luiz Fernando Renner, destacou que os distritos e parques industriais no Maranh\u00e3o s\u00e3o ferramentas estrat\u00e9gicas fundamentais para atrair e fixar investimentos na regi\u00e3o.<\/p>\n\n\n\n<p>Ele enfatizou que o governo deve cuidar bem dessas \u00e1reas, oferecendo pre\u00e7os acess\u00edveis e condi\u00e7\u00f5es adequadas para as empresas, especialmente diante da redu\u00e7\u00e3o dos incentivos fiscais como consequ\u00eancia da reforma tribut\u00e1ria.<\/p>\n\n\n\n<p>Al\u00e9m disso, Renner ressaltou a import\u00e2ncia de manter essas estruturas operantes e bem conservadas para que cumpram seu papel de impulsionar o desenvolvimento econ\u00f4mico local. \u201c\u00c9 necess\u00e1rio que o Estado crie novas estrat\u00e9gias, possivelmente financeiras, para aumentar a atratividade dos distritos, considerando a competi\u00e7\u00e3o com estados vizinhos. A guerra pela atra\u00e7\u00e3o de investimentos migrar\u00e1 do aspecto fiscal para outras formas de incentivo, mas continuar\u00e1 presente\u2019, falou Renner.<\/p>\n\n\n\n<p><strong>DISTRITOS E PARQUES INDUSTRIAIS<\/strong>&nbsp; \u2013 O secret\u00e1rio adjunto de Infraestrutura e Log\u00edstica, da Secretaria de Estado de Ind\u00fastria e Com\u00e9rcio (SEINC), Ubiratan Pinto da Silva, apresentou um panorama abrangente dos parques empresariais e distritos industriais no Maranh\u00e3o.<\/p>\n\n\n\n<p>O principal polo industrial do estado \u00e9 o Distrito Industrial de S\u00e3o Lu\u00eds, que possui mais de 13 m\u00f3dulos distribu\u00eddos em diferentes regi\u00f5es da capital.<\/p>\n\n\n\n<p>A atua\u00e7\u00e3o do estado, no entanto, se estende a outros munic\u00edpios como Timon, Caxias, Pinheiro, Imperatriz, Graja\u00fa, Balsas, Aldeias Altas, Ros\u00e1rio e Bacabeira, onde existem variados perfis de parques industriais e empresariais que atendem a diferentes setores..<\/p>\n\n\n\n<p>Ubiratan destacou a import\u00e2ncia da integra\u00e7\u00e3o entre o governo estadual, municipal e as federa\u00e7\u00f5es de ind\u00fastria, com\u00e9rcio e agricultura para o desenvolvimento e gest\u00e3o eficiente desses polos.<\/p>\n\n\n\n<p>Ele ressaltou a necessidade de estruturas organizadas, como associa\u00e7\u00f5es empresariais, para garantir a manuten\u00e7\u00e3o da infraestrutura local, incluindo ilumina\u00e7\u00e3o p\u00fablica, coleta de res\u00edduos e fornecimento de \u00e1gua, servi\u00e7os que s\u00e3o geralmente responsabilidade do poder municipal.<\/p>\n\n\n\n<p>O secret\u00e1rio defende tamb\u00e9m a cria\u00e7\u00e3o de quadras industriais e comerciais adaptadas \u00e0 realidade de munic\u00edpios menores, onde grandes parques n\u00e3o s\u00e3o vi\u00e1veis, fomentando assim o empreendedorismo local e a gera\u00e7\u00e3o de emprego.<\/p>\n\n\n\n<p>\u201cAl\u00e9m disso, \u00e9 necess\u00e1rio agregar valor aos produtos locais por meio da agroindustrializa\u00e7\u00e3o e do cooperativismo, com exemplos como o mel e o abacaxi produzidos no Maranh\u00e3o. \u00c9 importante tamb\u00e9m capacitar os empreendedores, fortalecer as cooperativas e buscar parcerias com institui\u00e7\u00f5es de fomento para garantir linhas de cr\u00e9dito e gest\u00e3o eficiente dos recursos. O foco deve ser a profissionaliza\u00e7\u00e3o e a internaliza\u00e7\u00e3o do processamento de produtos, respeitando as caracter\u00edsticas espec\u00edficas de cada parque e regi\u00e3o, al\u00e9m de incentivar a presen\u00e7a dos jovens e a educa\u00e7\u00e3o profissional por meio de entidades como o SENAC e o SENAI\u201d, defendeu Ubiratan.<\/p>\n\n\n\n<figure class=\"wp-block-image size-full\"><img loading=\"lazy\" decoding=\"async\" width=\"1024\" height=\"723\" src=\"https:\/\/www.abrazpe.org.br\/wp-content\/uploads\/2025\/09\/image.png\" alt=\"\" class=\"wp-image-8157\" srcset=\"https:\/\/www.abrazpe.org.br\/wp-content\/uploads\/2025\/09\/image.png 1024w, https:\/\/www.abrazpe.org.br\/wp-content\/uploads\/2025\/09\/image-300x212.png 300w, https:\/\/www.abrazpe.org.br\/wp-content\/uploads\/2025\/09\/image-768x542.png 768w, https:\/\/www.abrazpe.org.br\/wp-content\/uploads\/2025\/09\/image-370x261.png 370w, https:\/\/www.abrazpe.org.br\/wp-content\/uploads\/2025\/09\/image-970x685.png 970w\" sizes=\"auto, (max-width: 1024px) 100vw, 1024px\" \/><\/figure>\n\n\n\n<p><strong>ZONA DE PROCESSAMENTO<\/strong>&nbsp;\u2013 J\u00e1 Pedro Dantas da Rocha Neto, presidente da empresa administradora da Zona de Processamento de Exporta\u00e7\u00e3o (ZPE) de Bacabeira, detalhou o status atual do projeto que visa consolidar a regi\u00e3o como um polo industrial e exportador de destaque.<\/p>\n\n\n\n<p>Aproveitando uma \u00e1rea que havia sido destinada inicialmente a um projeto de refinaria da Petrobras e que foi descontinuado, a ZPE de Bacabeira expande o distrito industrial portu\u00e1rio da ilha de S\u00e3o Lu\u00eds para o munic\u00edpio de Bacabeira, aproveitando uma localiza\u00e7\u00e3o estrat\u00e9gica para o desenvolvimento do Maranh\u00e3o.<\/p>\n\n\n\n<p>A \u00e1rea da ZPE abrange 2.098 hectares, sendo 70% deles j\u00e1 terraplenados, com acesso facilitado \u00e0s rodovias BR-135 e BR-402, \u00e0s ferrovias Caraj\u00e1s e Transnordestina, al\u00e9m da proximidade a importantes portos como Itaqui, Alumar e Ponta da Madeira.<\/p>\n\n\n\n<p>O Aeroporto Internacional Marechal Cunha Machado, em S\u00e3o Lu\u00eds, complementa a infraestrutura log\u00edstica multimodal necess\u00e1ria para impulsionar exporta\u00e7\u00f5es e escoamento eficiente da produ\u00e7\u00e3o.<\/p>\n\n\n\n<p>A empresa administradora, criada este ano como subsidi\u00e1ria da Invest Maranh\u00e3o, coordena os processos operacionais em alinhamento com \u00f3rg\u00e3os como a Receita Federal, assegurando efici\u00eancia e seguran\u00e7a jur\u00eddica \u00e0 \u00e1rea.<\/p>\n\n\n\n<p>\u201cA ZPE oferece um ambiente com incentivos fiscais, cambiais e administrativos, simplifica\u00e7\u00e3o aduaneira e seguran\u00e7a jur\u00eddica, incentivando a instala\u00e7\u00e3o das empresas e a realiza\u00e7\u00e3o de exporta\u00e7\u00f5es\u201d, frisou Rocha Neto.<\/p>\n\n\n\n<p>O primeiro projeto aprovado \u00e9 o da refinaria modular de petr\u00f3leo do grupo americano OIL GROUP, com investimento de 1,6 bilh\u00e3o de d\u00f3lares e capacidade para processar 50 mil barris por dia, prevendo a cria\u00e7\u00e3o de 2 mil empregos na fase de implanta\u00e7\u00e3o e 300 na opera\u00e7\u00e3o.<\/p>\n\n\n\n<p>H\u00e1 ainda em an\u00e1lise o projeto de produ\u00e7\u00e3o de hidrog\u00eanio verde pela H2V e no Conselho Nacional das Zonas de Processamento de Exporta\u00e7\u00e3o (CZPE) est\u00e3o os projetos da MEXSOLAR com produ\u00e7\u00e3o de e-metanol e o de desenvolvimento de bioprodutos como etanol 2G, furfural, \u00e1cido ac\u00e9tico e lignina na iniciativa da 4Wood Biotech.<\/p>\n\n\n\n<p>A previs\u00e3o para os pr\u00f3ximos cinco anos contempla a gera\u00e7\u00e3o de cerca de 6 mil empregos diretos e 20 mil indiretos, com mais de 15 bilh\u00f5es de reais em investimentos privados projetados.<\/p>\n\n\n\n<p>Os setores de atua\u00e7\u00e3o abrangem siderurgia, agroind\u00fastria, papel e celulose, energias renov\u00e1veis e alta tecnologia, alinhados a uma estrat\u00e9gia sustent\u00e1vel e integrada de desenvolvimento econ\u00f4mico regional.<\/p>\n\n\n\n<p>O presidente Pedro Dantas destacou que o projeto est\u00e1 em conson\u00e2ncia com as expectativas do governo estadual e da Federa\u00e7\u00e3o das Ind\u00fastrias do Estado do Maranh\u00e3o (FIEMA), configurando a ZPE de Bacabeira como um importante instrumento para a competitividade industrial e o fortalecimento da economia local com foco em exporta\u00e7\u00e3o.<\/p>\n\n\n\n<p>A seguran\u00e7a jur\u00eddica da ZPE Bacabeira depende de quest\u00f5es como a finaliza\u00e7\u00e3o do alfandegamento pela Receita Federal, a regulariza\u00e7\u00e3o da titularidade da \u00e1rea, aprova\u00e7\u00e3o das licen\u00e7as ambientais, formaliza\u00e7\u00e3o de contratos e conformidade com as normas federais, estaduais e municipais, que est\u00e3o em fase avan\u00e7ada de tramita\u00e7\u00e3o para viabilizar a opera\u00e7\u00e3o plena da ZPE.<\/p>\n\n\n\n<p class=\"has-small-font-size\"><strong>Fonte: O Informante | Foto: Nestor Bezerra<\/strong><\/p>\n","protected":false},"excerpt":{"rendered":"<p><small> 6 minutos<\/small> A reuni\u00e3o do Conselho Tem\u00e1tico de Desenvolvimento Industrial e Inova\u00e7\u00e3o (CODIN) da FIEMA, realizada na \u00faltima sexta-feira (29\/08), abordou temas estrat\u00e9gicos para o crescimento industrial do Maranh\u00e3o, incluindo o panorama dos parques empresariais e distritos industriais do estado em 2025, al\u00e9m do status e pr\u00f3ximos passos para funcionamento da Zona de Processamento de Exporta\u00e7\u00e3o (ZPE) de Bacabeira, como o alfandegamento pela Receita Federal, a regulariza\u00e7\u00e3o fundi\u00e1ria, o avan\u00e7o nas licen\u00e7as ambientais e a formaliza\u00e7\u00e3o dos contratos. O vice-presidente executivo da FIEMA e <a href=\"https:\/\/www.abrazpe.org.br\/index.php\/2025\/09\/01\/fiema-destaca-papel-das-zpes-e-distritos-industriais-no-desenvolvimento-economico\/\" class=\"more-link\"><span>Continue lendo<\/span>\u2192<\/a><\/p>\n","protected":false},"author":6,"featured_media":8158,"comment_status":"closed","ping_status":"open","sticky":false,"template":"","format":"standard","meta":{"footnotes":""},"categories":[7],"tags":[72,80,74],"class_list":["entry","author-fpx","post-8156","post","type-post","status-publish","format-standard","has-post-thumbnail","category-noticias","tag-abrazpe","tag-comercio-exterior","tag-zpe"],"_links":{"self":[{"href":"https:\/\/www.abrazpe.org.br\/index.php\/wp-json\/wp\/v2\/posts\/8156","targetHints":{"allow":["GET"]}}],"collection":[{"href":"https:\/\/www.abrazpe.org.br\/index.php\/wp-json\/wp\/v2\/posts"}],"about":[{"href":"https:\/\/www.abrazpe.org.br\/index.php\/wp-json\/wp\/v2\/types\/post"}],"author":[{"embeddable":true,"href":"https:\/\/www.abrazpe.org.br\/index.php\/wp-json\/wp\/v2\/users\/6"}],"replies":[{"embeddable":true,"href":"https:\/\/www.abrazpe.org.br\/index.php\/wp-json\/wp\/v2\/comments?post=8156"}],"version-history":[{"count":1,"href":"https:\/\/www.abrazpe.org.br\/index.php\/wp-json\/wp\/v2\/posts\/8156\/revisions"}],"predecessor-version":[{"id":8159,"href":"https:\/\/www.abrazpe.org.br\/index.php\/wp-json\/wp\/v2\/posts\/8156\/revisions\/8159"}],"wp:featuredmedia":[{"embeddable":true,"href":"https:\/\/www.abrazpe.org.br\/index.php\/wp-json\/wp\/v2\/media\/8158"}],"wp:attachment":[{"href":"https:\/\/www.abrazpe.org.br\/index.php\/wp-json\/wp\/v2\/media?parent=8156"}],"wp:term":[{"taxonomy":"category","embeddable":true,"href":"https:\/\/www.abrazpe.org.br\/index.php\/wp-json\/wp\/v2\/categories?post=8156"},{"taxonomy":"post_tag","embeddable":true,"href":"https:\/\/www.abrazpe.org.br\/index.php\/wp-json\/wp\/v2\/tags?post=8156"}],"curies":[{"name":"wp","href":"https:\/\/api.w.org\/{rel}","templated":true}]}}