{"id":8160,"date":"2025-09-01T10:30:44","date_gmt":"2025-09-01T13:30:44","guid":{"rendered":"https:\/\/www.abrazpe.org.br\/?p=8160"},"modified":"2025-09-01T10:30:46","modified_gmt":"2025-09-01T13:30:46","slug":"zonas-economicas-especiais-impulsionam-crescimento-da-africa","status":"publish","type":"post","link":"https:\/\/www.abrazpe.org.br\/index.php\/2025\/09\/01\/zonas-economicas-especiais-impulsionam-crescimento-da-africa\/","title":{"rendered":"Zonas econ\u00f4micas especiais impulsionam crescimento da \u00c1frica"},"content":{"rendered":"<p class=\"estimated-read-time\">Tempo de leitura:<small> 1 minuto<\/small><\/p> \n<p>As <strong>zonas econ\u00f4micas especiais (SEZs)<\/strong> est\u00e3o ganhando for\u00e7a como instrumento de desenvolvimento na \u00c1frica, segundo o <em>Focus Report: Economic Zones in Africa<\/em>, divulgado pelo Oxford Business Group em novembro de 2023. O continente j\u00e1 concentra <strong>237 SEZs<\/strong>, cerca de 4% do total mundial, e pa\u00edses como <strong>Qu\u00eania, Nig\u00e9ria, Eti\u00f3pia e Egito<\/strong> lideram em n\u00famero de \u00e1reas instaladas. Apesar da expans\u00e3o, o estudo mostra que <strong>75% das zonas ainda operam com menos da metade da capacidade<\/strong>.<\/p>\n\n\n\n<p>O relat\u00f3rio destaca que os benef\u00edcios diretos das SEZs incluem <strong>atra\u00e7\u00e3o de investimento estrangeiro, gera\u00e7\u00e3o de empregos e aumento das exporta\u00e7\u00f5es<\/strong>, enquanto os indiretos v\u00e3o de <strong>transfer\u00eancia de tecnologia e diversifica\u00e7\u00e3o produtiva a ganhos em gest\u00e3o e crescimento verde<\/strong>.<\/p>\n\n\n\n<p>A entrada em vigor da <strong>\u00c1rea de Livre Com\u00e9rcio Continental Africana (AfCFTA)<\/strong>, em 2021, amplia o potencial desses espa\u00e7os. O acordo prev\u00ea <strong>aumento de 109% nas exporta\u00e7\u00f5es intra-africanas at\u00e9 2035<\/strong>, incremento do PIB em <strong>US$ 450 bilh\u00f5es<\/strong> e a possibilidade de <strong>tirar 50 milh\u00f5es de pessoas da pobreza extrema<\/strong>.<\/p>\n\n\n\n<p>Casos de sucesso refor\u00e7am o impacto da estrat\u00e9gia. <strong>Marrocos<\/strong> se transformou em polo automotivo e aeroespacial; a <strong>Lagos Free Zone, na Nig\u00e9ria<\/strong>, j\u00e1 recebeu mais de <strong>US$ 2,5 bilh\u00f5es<\/strong> em investimentos; e <strong>Botsuana<\/strong> adotou incentivos fiscais agressivos, como imposto de 5% nos primeiros dez anos. H\u00e1 ainda iniciativas em pa\u00edses como Eti\u00f3pia e Angola voltadas \u00e0 diversifica\u00e7\u00e3o econ\u00f4mica.<\/p>\n\n\n\n<p>Entre os desafios, o estudo aponta <strong>infraestrutura insuficiente, burocracia, inseguran\u00e7a regulat\u00f3ria e escassez de m\u00e3o de obra qualificada<\/strong>. A recomenda\u00e7\u00e3o \u00e9 fortalecer investimentos em <strong>educa\u00e7\u00e3o e capacita\u00e7\u00e3o<\/strong>, al\u00e9m de garantir <strong>estabilidade regulat\u00f3ria e integra\u00e7\u00e3o regional<\/strong>.<\/p>\n\n\n\n<p>As tend\u00eancias indicam a ado\u00e7\u00e3o crescente de <strong>energias renov\u00e1veis<\/strong>, integra\u00e7\u00e3o de tecnologias da <strong>Ind\u00fastria 4.0<\/strong> e maior peso dos crit\u00e9rios <strong>ambientais, sociais e de governan\u00e7a (ESG)<\/strong>. O relat\u00f3rio conclui que a combina\u00e7\u00e3o entre <strong>AfCFTA e SEZs pode transformar a \u00c1frica em hub global de manufatura, log\u00edstica e inova\u00e7\u00e3o<\/strong> nas pr\u00f3ximas d\u00e9cadas.<\/p>\n\n\n\n<div data-wp-interactive=\"core\/file\" class=\"wp-block-file\"><object data-wp-bind--hidden=\"!state.hasPdfPreview\" hidden class=\"wp-block-file__embed\" data=\"https:\/\/www.abrazpe.org.br\/wp-content\/uploads\/2025\/09\/Focus_Report_Africa_Free_Zones_2023_Nov232023_v2_clickable_toc.pdf\" type=\"application\/pdf\" style=\"width:100%;height:600px\" aria-label=\"Incorporado de Focus_Report_Africa_Free_Zones_2023_Nov232023_v2_clickable_toc.\"><\/object><a id=\"wp-block-file--media-af34932a-6a2c-4343-ad8e-00576db611aa\" href=\"https:\/\/www.abrazpe.org.br\/wp-content\/uploads\/2025\/09\/Focus_Report_Africa_Free_Zones_2023_Nov232023_v2_clickable_toc.pdf\">Focus_Report_Africa_Free_Zones_2023_Nov232023_v2_clickable_toc<\/a><a href=\"https:\/\/www.abrazpe.org.br\/wp-content\/uploads\/2025\/09\/Focus_Report_Africa_Free_Zones_2023_Nov232023_v2_clickable_toc.pdf\" class=\"wp-block-file__button wp-element-button\" download aria-describedby=\"wp-block-file--media-af34932a-6a2c-4343-ad8e-00576db611aa\">Baixar<\/a><\/div>\n\n\n\n<p><\/p>\n","protected":false},"excerpt":{"rendered":"<p><small> 1 minuto<\/small> As zonas econ\u00f4micas especiais (SEZs) est\u00e3o ganhando for\u00e7a como instrumento de desenvolvimento na \u00c1frica, segundo o Focus Report: Economic Zones in Africa, divulgado pelo Oxford Business Group em novembro de 2023. O continente j\u00e1 concentra 237 SEZs, cerca de 4% do total mundial, e pa\u00edses como Qu\u00eania, Nig\u00e9ria, Eti\u00f3pia e Egito lideram em n\u00famero de \u00e1reas instaladas. Apesar da expans\u00e3o, o estudo mostra que 75% das zonas ainda operam com menos da metade da capacidade. O relat\u00f3rio destaca que os benef\u00edcios diretos <a href=\"https:\/\/www.abrazpe.org.br\/index.php\/2025\/09\/01\/zonas-economicas-especiais-impulsionam-crescimento-da-africa\/\" class=\"more-link\"><span>Continue lendo<\/span>\u2192<\/a><\/p>\n","protected":false},"author":6,"featured_media":8162,"comment_status":"closed","ping_status":"open","sticky":false,"template":"","format":"standard","meta":{"footnotes":""},"categories":[7],"tags":[526,302,80,529,530,411,528,527],"class_list":["entry","author-fpx","post-8160","post","type-post","status-publish","format-standard","has-post-thumbnail","category-noticias","tag-afcfta","tag-africa","tag-comercio-exterior","tag-industrializacao-africana","tag-integracao-regional","tag-investimentos","tag-oxford-business-group","tag-zonas-economicas-especiais"],"_links":{"self":[{"href":"https:\/\/www.abrazpe.org.br\/index.php\/wp-json\/wp\/v2\/posts\/8160","targetHints":{"allow":["GET"]}}],"collection":[{"href":"https:\/\/www.abrazpe.org.br\/index.php\/wp-json\/wp\/v2\/posts"}],"about":[{"href":"https:\/\/www.abrazpe.org.br\/index.php\/wp-json\/wp\/v2\/types\/post"}],"author":[{"embeddable":true,"href":"https:\/\/www.abrazpe.org.br\/index.php\/wp-json\/wp\/v2\/users\/6"}],"replies":[{"embeddable":true,"href":"https:\/\/www.abrazpe.org.br\/index.php\/wp-json\/wp\/v2\/comments?post=8160"}],"version-history":[{"count":1,"href":"https:\/\/www.abrazpe.org.br\/index.php\/wp-json\/wp\/v2\/posts\/8160\/revisions"}],"predecessor-version":[{"id":8163,"href":"https:\/\/www.abrazpe.org.br\/index.php\/wp-json\/wp\/v2\/posts\/8160\/revisions\/8163"}],"wp:featuredmedia":[{"embeddable":true,"href":"https:\/\/www.abrazpe.org.br\/index.php\/wp-json\/wp\/v2\/media\/8162"}],"wp:attachment":[{"href":"https:\/\/www.abrazpe.org.br\/index.php\/wp-json\/wp\/v2\/media?parent=8160"}],"wp:term":[{"taxonomy":"category","embeddable":true,"href":"https:\/\/www.abrazpe.org.br\/index.php\/wp-json\/wp\/v2\/categories?post=8160"},{"taxonomy":"post_tag","embeddable":true,"href":"https:\/\/www.abrazpe.org.br\/index.php\/wp-json\/wp\/v2\/tags?post=8160"}],"curies":[{"name":"wp","href":"https:\/\/api.w.org\/{rel}","templated":true}]}}