{"id":851,"date":"2018-01-02T17:46:15","date_gmt":"2018-01-02T20:46:15","guid":{"rendered":"http:\/\/www.abrazpe.org.br\/?p=851"},"modified":"2018-01-02T17:46:15","modified_gmt":"2018-01-02T20:46:15","slug":"prumo-diz-que-existem-interessados-em-area-de-livre-comercio-no-rj","status":"publish","type":"post","link":"https:\/\/www.abrazpe.org.br\/index.php\/2018\/01\/02\/prumo-diz-que-existem-interessados-em-area-de-livre-comercio-no-rj\/","title":{"rendered":"Prumo diz que existem interessados em \u00e1rea de livre com\u00e9rcio no RJ"},"content":{"rendered":"<p class=\"estimated-read-time\">Tempo de leitura:<small> 1 minuto<\/small><\/p> <p>Os investimentos na Zona de Processamento de Exporta\u00e7\u00e3o (ZPE) do Porto do A\u00e7u ser\u00e3o lentos e v\u00e3o acontecer ao longo do tempo. Mas j\u00e1 existem investidores estrangeiros interessados na \u00e1rea de livre com\u00e9rcio, de acordo com o presidente da Prumo Log\u00edstica, Jos\u00e9 Magela. O presidente Michel Temer assinou no dia 27\/12\/2017 o decreto que cria a ZPE do A\u00e7u, localizada no distrito industrial de S\u00e3o Jo\u00e3o da Barra, no Estado do Rio de Janeiro.<\/p>\n<p>A previs\u00e3o \u00e9 que a nova zona esteja em opera\u00e7\u00e3o em 24 meses. Segundo Magela, ainda existem alguns passos regulat\u00f3rios que dependem do governo do Estado, como a licita\u00e7\u00e3o do administrador da ZPE. \u201cUma vez feito este passo, que deve ter um tempo de 90 dias, a\u00ed sim, come\u00e7a a constru\u00e7\u00e3o da administradora, da parte f\u00edsica da ZPE. E logo depois vem as ind\u00fastrias\u201d, afirmou Magela.<\/p>\n<p>O executivo afirmou que o projeto teve in\u00edcio com a Rochas do A\u00e7u, uma ind\u00fastria de beneficiamento de rochas. \u201cMas j\u00e1 temos bastante interesse de chineses, de japoneses e indianos e de v\u00e1rias companhias que est\u00e3o interessadas neste regime de ZPE\u201d, acrescentou.<\/p>\n<p><a href=\"http:\/\/www.valor.com.br\/empresas\/5239205\/prumo-diz-que-ja-existem-interessados-em-area-de-livre-comercio-no-rj\">Leia mais<\/a><\/p>\n<p>&nbsp;<\/p>\n","protected":false},"excerpt":{"rendered":"<p><small> 1 minuto<\/small> Os investimentos na Zona de Processamento de Exporta\u00e7\u00e3o (ZPE) do Porto do A\u00e7u ser\u00e3o lentos e v\u00e3o acontecer ao longo do tempo. Mas j\u00e1 existem investidores estrangeiros interessados na \u00e1rea de livre com\u00e9rcio, de acordo com o presidente da Prumo Log\u00edstica, Jos\u00e9 Magela. O presidente Michel Temer assinou no dia 27\/12\/2017 o decreto que cria a ZPE do A\u00e7u, localizada no distrito industrial de S\u00e3o Jo\u00e3o da Barra, no Estado do Rio de Janeiro. A previs\u00e3o \u00e9 que a nova zona esteja <a href=\"https:\/\/www.abrazpe.org.br\/index.php\/2018\/01\/02\/prumo-diz-que-existem-interessados-em-area-de-livre-comercio-no-rj\/\" class=\"more-link\"><span>Continue lendo<\/span>\u2192<\/a><\/p>\n","protected":false},"author":4,"featured_media":600,"comment_status":"closed","ping_status":"open","sticky":false,"template":"","format":"standard","meta":{"footnotes":""},"categories":[7],"tags":[],"class_list":["entry","author-adm_hb2018","post-851","post","type-post","status-publish","format-standard","has-post-thumbnail","category-noticias"],"_links":{"self":[{"href":"https:\/\/www.abrazpe.org.br\/index.php\/wp-json\/wp\/v2\/posts\/851","targetHints":{"allow":["GET"]}}],"collection":[{"href":"https:\/\/www.abrazpe.org.br\/index.php\/wp-json\/wp\/v2\/posts"}],"about":[{"href":"https:\/\/www.abrazpe.org.br\/index.php\/wp-json\/wp\/v2\/types\/post"}],"author":[{"embeddable":true,"href":"https:\/\/www.abrazpe.org.br\/index.php\/wp-json\/wp\/v2\/users\/4"}],"replies":[{"embeddable":true,"href":"https:\/\/www.abrazpe.org.br\/index.php\/wp-json\/wp\/v2\/comments?post=851"}],"version-history":[{"count":1,"href":"https:\/\/www.abrazpe.org.br\/index.php\/wp-json\/wp\/v2\/posts\/851\/revisions"}],"predecessor-version":[{"id":852,"href":"https:\/\/www.abrazpe.org.br\/index.php\/wp-json\/wp\/v2\/posts\/851\/revisions\/852"}],"wp:featuredmedia":[{"embeddable":true,"href":"https:\/\/www.abrazpe.org.br\/index.php\/wp-json\/wp\/v2\/media\/600"}],"wp:attachment":[{"href":"https:\/\/www.abrazpe.org.br\/index.php\/wp-json\/wp\/v2\/media?parent=851"}],"wp:term":[{"taxonomy":"category","embeddable":true,"href":"https:\/\/www.abrazpe.org.br\/index.php\/wp-json\/wp\/v2\/categories?post=851"},{"taxonomy":"post_tag","embeddable":true,"href":"https:\/\/www.abrazpe.org.br\/index.php\/wp-json\/wp\/v2\/tags?post=851"}],"curies":[{"name":"wp","href":"https:\/\/api.w.org\/{rel}","templated":true}]}}