{"id":8593,"date":"2025-12-10T12:00:30","date_gmt":"2025-12-10T15:00:30","guid":{"rendered":"https:\/\/www.abrazpe.org.br\/?p=8593"},"modified":"2025-12-10T12:01:15","modified_gmt":"2025-12-10T15:01:15","slug":"para-faz-apresentacao-oficial-da-zona-de-processamento-de-exportacao-de-barcarena","status":"publish","type":"post","link":"https:\/\/www.abrazpe.org.br\/index.php\/2025\/12\/10\/para-faz-apresentacao-oficial-da-zona-de-processamento-de-exportacao-de-barcarena\/","title":{"rendered":"Par\u00e1 faz apresenta\u00e7\u00e3o oficial da Zona de Processamento de Exporta\u00e7\u00e3o de Barcarena"},"content":{"rendered":"<p class=\"estimated-read-time\">Tempo de leitura:<small> 4 minutos<\/small><\/p> \n<p>O Governo do Par\u00e1 apresenta oficialmente, na manh\u00e3 desta quarta-feira (10\/12), durante evento no Audit\u00f3rio Albano Franco, na Federa\u00e7\u00e3o das Ind\u00fastrias do Par\u00e1 (Fiepa), a Zona de Processamento de Exporta\u00e7\u00e3o (ZPE) de Barcarena. A iniciativa \u00e9 apontada pela gest\u00e3o estadual como um marco decisivo para a pol\u00edtica industrial e o desenvolvimento sustent\u00e1vel do estado. Segundo o governo, autoridades federais e estaduais, representantes do setor produtivo, investidores, academia e organiza\u00e7\u00f5es da sociedade civil devem participar da cerim\u00f4nia desta quarta.<\/p>\n\n\n\n<p>A proposta inicial de uma ZPE na regi\u00e3o data de 1988, mas n\u00e3o progrediu devido \u00e0 car\u00eancia de estudos t\u00e9cnicos, governan\u00e7a e condi\u00e7\u00f5es de implanta\u00e7\u00e3o. Em 2019, o projeto foi retomado, com a elabora\u00e7\u00e3o do plano de neg\u00f3cios, atualiza\u00e7\u00e3o do plano industrial e qualifica\u00e7\u00e3o de uma empresa-\u00e2ncora. O processo envolveu a reestrutura\u00e7\u00e3o do modelo de governan\u00e7a e a condu\u00e7\u00e3o de toda a reabilita\u00e7\u00e3o federal da proposta.<\/p>\n\n\n\n<p>A aprova\u00e7\u00e3o pelo Conselho Nacional das Zonas de Processamento de Exporta\u00e7\u00e3o (CZPE), divulgada em novembro do ano passado, assegura ao Par\u00e1, de forma in\u00e9dita, as condi\u00e7\u00f5es concretas para a instala\u00e7\u00e3o e opera\u00e7\u00e3o da ZPE.<\/p>\n\n\n\n<h5 class=\"wp-block-heading\"><strong>Agenda t\u00e9cnica refor\u00e7a integra\u00e7\u00e3o nacional de ZPEs<\/strong><\/h5>\n\n\n\n<p>Nesta ter\u00e7a-feira (9), a agenda de prepara\u00e7\u00e3o incluiu a visita do presidente da Associa\u00e7\u00e3o Brasileira das Zonas de Processamento de Exporta\u00e7\u00e3o, Helson Braga. O objetivo foi discutir as pr\u00f3ximas etapas, com foco nos sistemas de alfandegamento, controle e monitoramento de recintos alfandegados e \u00e1reas segregadas.A agenda de Braga abordou diretrizes operacionais, padr\u00f5es de fiscaliza\u00e7\u00e3o e as melhores pr\u00e1ticas de implanta\u00e7\u00e3o. Este movimento visa fortalecer a integra\u00e7\u00e3o do Par\u00e1 ao sistema nacional de ZPEs e aprimorar os preparativos para a etapa institucional que acontece nesta quarta-feira (10).<\/p>\n\n\n\n<h5 class=\"wp-block-heading\"><strong>Infraestrutura e log\u00edstica para competitividade global<\/strong><\/h5>\n\n\n\n<p>A ZPE de Barcarena est\u00e1 situada em uma \u00e1rea de 3,5 milh\u00f5es de metros quadrados no Distrito Industrial do munic\u00edpio, especificamente na Rodovia PA-483, na Al\u00e7a Rodovi\u00e1ria. Desse total, 2,2 milh\u00f5es de metros quadrados ser\u00e3o dedicados \u00e0s opera\u00e7\u00f5es industriais, incluindo armaz\u00e9ns, p\u00e1tios de cont\u00eaineres e balan\u00e7as de alta precis\u00e3o. O complexo abrigar\u00e1 ainda instala\u00e7\u00f5es da Receita Federal, \u00f3rg\u00e3os sanit\u00e1rios e as \u00e1reas operacionais da Companhia de Desenvolvimento Econ\u00f4mico do Par\u00e1 (Codec).Este complexo industrial foi concebido para assegurar efici\u00eancia log\u00edstica, seguran\u00e7a operacional e alta competitividade no mercado internacional. Sua estrutura integra os modais portu\u00e1rio mar\u00edtimo, rodovi\u00e1rio e fluvial, com planos futuros para conex\u00e3o ferrovi\u00e1ria.<\/p>\n\n\n\n<p>O zoneamento produtivo da ZPE prioriza cadeias estrat\u00e9gicas e de alto valor agregado. Entre elas, destacam-se a transforma\u00e7\u00e3o mineral, bioind\u00fastria, biotecnologia, qu\u00edmica fina, eletroeletr\u00f4nicos, alimentos, embalagens, log\u00edstica, data centers e produtos da biodiversidade amaz\u00f4nica.<\/p>\n\n\n\n<h5 class=\"wp-block-heading\"><strong>Codec detalha vis\u00e3o estrat\u00e9gica e impactos da ZPE<\/strong><\/h5>\n\n\n\n<p>A Companhia de Desenvolvimento Econ\u00f4mico do Par\u00e1 (Codec) participar\u00e1 com a apresenta\u00e7\u00e3o &#8220;A ZPE de Barcarena e sua import\u00e2ncia para o desenvolvimento econ\u00f4mico do Estado do Par\u00e1&#8221;, conduzida por Antonio de P\u00e1dua Rodrigues Filho, Diretor de Estrat\u00e9gia e Rela\u00e7\u00f5es Institucionais da Companhia e coordenador t\u00e9cnico do projeto.&#8221;A implanta\u00e7\u00e3o da ZPE \u00e9 resultado de planejamento, articula\u00e7\u00e3o e rigor t\u00e9cnico&#8221;, afirmou. Ele acrescentou que o projeto &#8220;representa desenvolvimento real, com mais inova\u00e7\u00e3o, emprego e competitividade internacional. \u00c9 um marco decisivo para o futuro econ\u00f4mico do Par\u00e1&#8221;, declarou Ant\u00f4nio Filho. Para Lutfala Bitar, presidente da Codec, a Zona de Processamento de Exporta\u00e7\u00e3o de Barcarena representa um divisor de \u00e1guas na trajet\u00f3ria industrial do Estado. &#8220;Estamos fortalecendo nossa base industrial, gerando empregos qualificados e posicionando o Estado como refer\u00eancia em inova\u00e7\u00e3o produtiva e desenvolvimento sustent\u00e1vel. \u00c9 um passo decisivo para a nova economia da Amaz\u00f4nia e para nossa inser\u00e7\u00e3o nas cadeias globais de valor&#8221;.<\/p>\n\n\n\n<p>Bitar refor\u00e7a o car\u00e1ter estrat\u00e9gico do projeto, descrevendo-o como &#8220;um projeto de Estado, reconstru\u00eddo com base t\u00e9cnica, di\u00e1logo institucional e vis\u00e3o de futuro&#8221;. Para ele, \u00e9 &#8220;a maior oportunidade dos \u00faltimos anos para transformar a nossa capacidade produtiva&#8221;.A programa\u00e7\u00e3o da apresenta\u00e7\u00e3o inclui uma palestra de F\u00e1bio Pucci Martins, secret\u00e1rio-Executivo do Conselho Nacional das Zonas de Processamento de Exporta\u00e7\u00e3o. Ele abordar\u00e1 o tema &#8220;A Import\u00e2ncia das ZPE como Pol\u00edtica P\u00fablica de Indu\u00e7\u00e3o das Exporta\u00e7\u00f5es Brasileiras&#8221;.A presen\u00e7a do \u00f3rg\u00e3o federal ressalta o alinhamento do Par\u00e1 com as diretrizes da nova pol\u00edtica industrial brasileira. Essa pol\u00edtica se baseia em inova\u00e7\u00e3o tecnol\u00f3gica, transi\u00e7\u00e3o energ\u00e9tica, produ\u00e7\u00e3o de baixo carbono e valoriza\u00e7\u00e3o das cadeias produtivas locais.<\/p>\n\n\n\n<p class=\"has-small-font-size\"><strong>Fonte: O Liberal | Foto: Divulga\u00e7\u00e3o\/Governo do Par\u00e1<\/strong><\/p>\n","protected":false},"excerpt":{"rendered":"<p><small> 4 minutos<\/small> O Governo do Par\u00e1 apresenta oficialmente, na manh\u00e3 desta quarta-feira (10\/12), durante evento no Audit\u00f3rio Albano Franco, na Federa\u00e7\u00e3o das Ind\u00fastrias do Par\u00e1 (Fiepa), a Zona de Processamento de Exporta\u00e7\u00e3o (ZPE) de Barcarena. A iniciativa \u00e9 apontada pela gest\u00e3o estadual como um marco decisivo para a pol\u00edtica industrial e o desenvolvimento sustent\u00e1vel do estado. Segundo o governo, autoridades federais e estaduais, representantes do setor produtivo, investidores, academia e organiza\u00e7\u00f5es da sociedade civil devem participar da cerim\u00f4nia desta quarta. A proposta inicial de <a href=\"https:\/\/www.abrazpe.org.br\/index.php\/2025\/12\/10\/para-faz-apresentacao-oficial-da-zona-de-processamento-de-exportacao-de-barcarena\/\" class=\"more-link\"><span>Continue lendo<\/span>\u2192<\/a><\/p>\n","protected":false},"author":6,"featured_media":8602,"comment_status":"closed","ping_status":"open","sticky":false,"template":"","format":"standard","meta":{"footnotes":""},"categories":[7],"tags":[72,187,80,186,74],"class_list":["entry","author-fpx","post-8593","post","type-post","status-publish","format-standard","has-post-thumbnail","category-noticias","tag-abrazpe","tag-barcarena","tag-comercio-exterior","tag-para","tag-zpe"],"_links":{"self":[{"href":"https:\/\/www.abrazpe.org.br\/index.php\/wp-json\/wp\/v2\/posts\/8593","targetHints":{"allow":["GET"]}}],"collection":[{"href":"https:\/\/www.abrazpe.org.br\/index.php\/wp-json\/wp\/v2\/posts"}],"about":[{"href":"https:\/\/www.abrazpe.org.br\/index.php\/wp-json\/wp\/v2\/types\/post"}],"author":[{"embeddable":true,"href":"https:\/\/www.abrazpe.org.br\/index.php\/wp-json\/wp\/v2\/users\/6"}],"replies":[{"embeddable":true,"href":"https:\/\/www.abrazpe.org.br\/index.php\/wp-json\/wp\/v2\/comments?post=8593"}],"version-history":[{"count":2,"href":"https:\/\/www.abrazpe.org.br\/index.php\/wp-json\/wp\/v2\/posts\/8593\/revisions"}],"predecessor-version":[{"id":8604,"href":"https:\/\/www.abrazpe.org.br\/index.php\/wp-json\/wp\/v2\/posts\/8593\/revisions\/8604"}],"wp:featuredmedia":[{"embeddable":true,"href":"https:\/\/www.abrazpe.org.br\/index.php\/wp-json\/wp\/v2\/media\/8602"}],"wp:attachment":[{"href":"https:\/\/www.abrazpe.org.br\/index.php\/wp-json\/wp\/v2\/media?parent=8593"}],"wp:term":[{"taxonomy":"category","embeddable":true,"href":"https:\/\/www.abrazpe.org.br\/index.php\/wp-json\/wp\/v2\/categories?post=8593"},{"taxonomy":"post_tag","embeddable":true,"href":"https:\/\/www.abrazpe.org.br\/index.php\/wp-json\/wp\/v2\/tags?post=8593"}],"curies":[{"name":"wp","href":"https:\/\/api.w.org\/{rel}","templated":true}]}}