{"id":8694,"date":"2026-01-22T14:27:31","date_gmt":"2026-01-22T17:27:31","guid":{"rendered":"https:\/\/www.abrazpe.org.br\/?p=8694"},"modified":"2026-01-22T14:29:08","modified_gmt":"2026-01-22T17:29:08","slug":"panama-sedia-12o-congresso-mundial-da-world-free-zones-organization-em-2026","status":"publish","type":"post","link":"https:\/\/www.abrazpe.org.br\/index.php\/2026\/01\/22\/panama-sedia-12o-congresso-mundial-da-world-free-zones-organization-em-2026\/","title":{"rendered":"Panam\u00e1 sedia 12\u00ba Congresso Mundial da World Free Zones Organization em 2026"},"content":{"rendered":"<p class=\"estimated-read-time\">Tempo de leitura:<small> 1 minuto<\/small><\/p> \n<p>A <strong>World Free Zones Organization (WFZO)<\/strong> realizar\u00e1, entre <strong>12 e 14 de maio de 2026<\/strong>, na <strong>Cidade do Panam\u00e1<\/strong>, o <strong>12th World FZO World Congress<\/strong>, um dos mais importantes encontros globais dedicados ao futuro das zonas francas e zonas econ\u00f4micas especiais.<\/p>\n\n\n\n<p>O evento reunir\u00e1 <strong>l\u00edderes governamentais, formuladores de pol\u00edticas p\u00fablicas, investidores e especialistas do setor de zonas livres<\/strong> para tr\u00eas dias de debates, pain\u00e9is estrat\u00e9gicos, workshops e networking internacional. A programa\u00e7\u00e3o ter\u00e1 como foco o papel das zonas francas em um cen\u00e1rio global em transforma\u00e7\u00e3o, com discuss\u00f5es sobre <strong>investimento, inova\u00e7\u00e3o, sustentabilidade, integra\u00e7\u00e3o regional e desenvolvimento econ\u00f4mico<\/strong>.<\/p>\n\n\n\n<p>Segundo a organiza\u00e7\u00e3o, o congresso posiciona o Panam\u00e1 como uma <strong>plataforma global de transforma\u00e7\u00e3o<\/strong>, destacando sua lideran\u00e7a regional, capacidade institucional e ambiente favor\u00e1vel \u00e0 coopera\u00e7\u00e3o p\u00fablico-privada. O encontro tamb\u00e9m refor\u00e7a o papel das zonas francas como <strong>laborat\u00f3rios de inova\u00e7\u00e3o<\/strong>, motores de crescimento sustent\u00e1vel e estabilizadores econ\u00f4micos em um contexto de mudan\u00e7as geopol\u00edticas e tecnol\u00f3gicas.<\/p>\n\n\n\n<p>Entre os principais temas em debate est\u00e3o as <strong>economias do conhecimento e da inova\u00e7\u00e3o<\/strong>, com foco em pesquisa, desenvolvimento e startups; a <strong>manufatura digital e orientada por intelig\u00eancia artificial<\/strong>; a <strong>transi\u00e7\u00e3o industrial verde<\/strong>, baseada em economia circular e energia renov\u00e1vel; al\u00e9m do fortalecimento de <strong>hubs regionais de valor e log\u00edstica integrada<\/strong>.<\/p>\n\n\n\n<p>A programa\u00e7\u00e3o inclui ainda <strong>rodadas ministeriais, di\u00e1logos de alto n\u00edvel entre governos e setor privado, pain\u00e9is sobre cadeias globais de valor, com\u00e9rcio internacional, conectividade e sustentabilidade<\/strong>, al\u00e9m de encontros exclusivos de networking e matchmaking entre investidores e projetos estrat\u00e9gicos.<\/p>\n\n\n\n<p>As inscri\u00e7\u00f5es j\u00e1 est\u00e3o abertas, e mais informa\u00e7\u00f5es podem ser obtidas no site oficial do evento: <strong><a href=\"http:\/\/www.wfzoworldcongress.com\/\">www.wfzoworldcongress.com<\/a><\/strong>.<\/p>\n\n\n\n<div data-wp-interactive=\"core\/file\" class=\"wp-block-file\"><object data-wp-bind--hidden=\"!state.hasPdfPreview\" hidden class=\"wp-block-file__embed\" data=\"https:\/\/www.abrazpe.org.br\/wp-content\/uploads\/2026\/01\/WFZO-Congress-Promotion.pdf\" type=\"application\/pdf\" style=\"width:100%;height:600px\" aria-label=\"Incorporado de WFZO Congress Promotion.\"><\/object><a id=\"wp-block-file--media-5560ed1c-e6c6-4ece-b97a-7933ba6707b5\" href=\"https:\/\/www.abrazpe.org.br\/wp-content\/uploads\/2026\/01\/WFZO-Congress-Promotion.pdf\">WFZO Congress Promotion<\/a><a href=\"https:\/\/www.abrazpe.org.br\/wp-content\/uploads\/2026\/01\/WFZO-Congress-Promotion.pdf\" class=\"wp-block-file__button wp-element-button\" download aria-describedby=\"wp-block-file--media-5560ed1c-e6c6-4ece-b97a-7933ba6707b5\">Baixar<\/a><\/div>\n\n\n\n<p class=\"has-small-font-size\"><strong>Foto: Divulga\u00e7\u00e3o<\/strong><\/p>\n","protected":false},"excerpt":{"rendered":"<p><small> 1 minuto<\/small> A World Free Zones Organization (WFZO) realizar\u00e1, entre 12 e 14 de maio de 2026, na Cidade do Panam\u00e1, o 12th World FZO World Congress, um dos mais importantes encontros globais dedicados ao futuro das zonas francas e zonas econ\u00f4micas especiais. O evento reunir\u00e1 l\u00edderes governamentais, formuladores de pol\u00edticas p\u00fablicas, investidores e especialistas do setor de zonas livres para tr\u00eas dias de debates, pain\u00e9is estrat\u00e9gicos, workshops e networking internacional. A programa\u00e7\u00e3o ter\u00e1 como foco o papel das zonas francas em um cen\u00e1rio <a href=\"https:\/\/www.abrazpe.org.br\/index.php\/2026\/01\/22\/panama-sedia-12o-congresso-mundial-da-world-free-zones-organization-em-2026\/\" class=\"more-link\"><span>Continue lendo<\/span>\u2192<\/a><\/p>\n","protected":false},"author":6,"featured_media":8698,"comment_status":"closed","ping_status":"open","sticky":false,"template":"","format":"standard","meta":{"footnotes":""},"categories":[7],"tags":[72,80,108,578,74],"class_list":["entry","author-fpx","post-8694","post","type-post","status-publish","format-standard","has-post-thumbnail","category-noticias","tag-abrazpe","tag-comercio-exterior","tag-panama","tag-world-free-zones-organization-wfzo","tag-zpe"],"_links":{"self":[{"href":"https:\/\/www.abrazpe.org.br\/index.php\/wp-json\/wp\/v2\/posts\/8694","targetHints":{"allow":["GET"]}}],"collection":[{"href":"https:\/\/www.abrazpe.org.br\/index.php\/wp-json\/wp\/v2\/posts"}],"about":[{"href":"https:\/\/www.abrazpe.org.br\/index.php\/wp-json\/wp\/v2\/types\/post"}],"author":[{"embeddable":true,"href":"https:\/\/www.abrazpe.org.br\/index.php\/wp-json\/wp\/v2\/users\/6"}],"replies":[{"embeddable":true,"href":"https:\/\/www.abrazpe.org.br\/index.php\/wp-json\/wp\/v2\/comments?post=8694"}],"version-history":[{"count":2,"href":"https:\/\/www.abrazpe.org.br\/index.php\/wp-json\/wp\/v2\/posts\/8694\/revisions"}],"predecessor-version":[{"id":8699,"href":"https:\/\/www.abrazpe.org.br\/index.php\/wp-json\/wp\/v2\/posts\/8694\/revisions\/8699"}],"wp:featuredmedia":[{"embeddable":true,"href":"https:\/\/www.abrazpe.org.br\/index.php\/wp-json\/wp\/v2\/media\/8698"}],"wp:attachment":[{"href":"https:\/\/www.abrazpe.org.br\/index.php\/wp-json\/wp\/v2\/media?parent=8694"}],"wp:term":[{"taxonomy":"category","embeddable":true,"href":"https:\/\/www.abrazpe.org.br\/index.php\/wp-json\/wp\/v2\/categories?post=8694"},{"taxonomy":"post_tag","embeddable":true,"href":"https:\/\/www.abrazpe.org.br\/index.php\/wp-json\/wp\/v2\/tags?post=8694"}],"curies":[{"name":"wp","href":"https:\/\/api.w.org\/{rel}","templated":true}]}}