{"id":8700,"date":"2026-01-23T11:45:45","date_gmt":"2026-01-23T14:45:45","guid":{"rendered":"https:\/\/www.abrazpe.org.br\/?p=8700"},"modified":"2026-01-23T11:45:47","modified_gmt":"2026-01-23T14:45:47","slug":"codec-recebe-empreendedor-do-segmento-mineral-e-logistico-interessado-em-investir-em-barcarena","status":"publish","type":"post","link":"https:\/\/www.abrazpe.org.br\/index.php\/2026\/01\/23\/codec-recebe-empreendedor-do-segmento-mineral-e-logistico-interessado-em-investir-em-barcarena\/","title":{"rendered":"Codec recebe empreendedor do segmento mineral e log\u00edstico interessado em investir em Barcarena"},"content":{"rendered":"<p class=\"estimated-read-time\">Tempo de leitura:<small> 3 minutos<\/small><\/p> \n<p>A Companhia de Desenvolvimento Econ\u00f4mico do Par\u00e1 (Codec) recebeu, no in\u00edcio da tarde desta quarta-feira (21), o empres\u00e1rio Marcelo Beliche, acompanhado do deputado estadual Aveilton de Souza, do vereador do munic\u00edpio de Marab\u00e1, Pacheco (Jimmyson) e da advogada Nat\u00e1lia C. Bueno, em reuni\u00e3o institucional voltada \u00e0 prospec\u00e7\u00e3o de investimentos no Estado, tendo o munic\u00edpio de Barcarena como foco inicial.<\/p>\n\n\n\n<p>O encontro teve como objetivo avaliar a viabilidade de implanta\u00e7\u00e3o de um centro de distribui\u00e7\u00e3o no Distrito Industrial de Barcarena, com \u00e1rea estimada de 50 mil metros quadrados, al\u00e9m da instala\u00e7\u00e3o de uma unidade voltada \u00e0 verticaliza\u00e7\u00e3o mineral dentro da Zona de Processamento de Exporta\u00e7\u00e3o (ZPE) de Barcarena, com aproximadamente 20 mil metros quadrados. Os empreendimentos est\u00e3o inseridos no segmento industrial e log\u00edstico, com potencial de agregar valor \u00e0 cadeia produtiva mineral e ampliar a participa\u00e7\u00e3o do Par\u00e1 no mercado internacional.<\/p>\n\n\n\n<p>Durante a reuni\u00e3o, o diretor de Estrat\u00e9gia e Rela\u00e7\u00f5es Institucionais da Codec, P\u00e1dua Rodrigues, detalhou as regras de regulamenta\u00e7\u00e3o das ZPEs e os crit\u00e9rios para a aceita\u00e7\u00e3o de projetos industriais voltados \u00e0 exporta\u00e7\u00e3o, os fluxos de aprova\u00e7\u00e3o de projetos, os procedimentos operacionais e os par\u00e2metros t\u00e9cnicos e jur\u00eddicos exigidos para a instala\u00e7\u00e3o e opera\u00e7\u00e3o de empresas nesse regime especial.<\/p>\n\n\n\n<figure class=\"wp-block-image\"><a class=\"imgGcLink\" href=\"https:\/\/www.agenciapara.com.br\/midias\/2026\/grandes\/20260121141841-GC00074090-F00285343.webp\"><img decoding=\"async\" src=\"https:\/\/www.agenciapara.com.br\/midias\/2026\/medias\/20260121141841-GC00074090-F00285343.webp\" alt=\"\" title=\"Foto: Lucas Farias, ASCOM CODEC\"\/><\/a><\/figure>\n\n\n\n<p>\u201cA ZPE de Barcarena foi apresentada em seus aspectos estruturantes, desde a legisla\u00e7\u00e3o at\u00e9 os fluxos de aprova\u00e7\u00e3o e opera\u00e7\u00e3o. Trata-se de um ambiente estrat\u00e9gico para projetos que buscam agregar valor \u00e0 produ\u00e7\u00e3o, com seguran\u00e7a jur\u00eddica, previsibilidade e ader\u00eancia aos par\u00e2metros t\u00e9cnicos e ambientais exigidos\u201d, afirmou P\u00e1dua Rodrigues.<\/p>\n\n\n\n<p>Na sequ\u00eancia, a equipe da Diretoria de Atra\u00e7\u00e3o de Investimentos e Neg\u00f3cios da Codec, conduzida pelo diretor Manoel Ibiapina, apresentou as possibilidades relacionadas aos distritos industriais, com destaque para Barcarena, al\u00e9m de outras \u00e1reas dispon\u00edveis no Estado com potencial para receber empreendimentos de diferentes perfis.<\/p>\n\n\n\n<p>\u201cA Companhia atua de forma integrada em todo o territ\u00f3rio paraense, apresentando alternativas locacionais e solu\u00e7\u00f5es compat\u00edveis com o perfil de cada projeto. Nosso papel \u00e9 orientar tecnicamente o investidor e conectar oportunidades ao potencial produtivo do Estado\u201d, destacou Manoel Ibiapina.<\/p>\n\n\n\n<figure class=\"wp-block-image\"><a class=\"imgGcLink\" href=\"https:\/\/www.agenciapara.com.br\/midias\/2026\/grandes\/20260121141931-GC00074090-F00285346.webp\"><img decoding=\"async\" src=\"https:\/\/www.agenciapara.com.br\/midias\/2026\/medias\/20260121141931-GC00074090-F00285346.webp\" alt=\"Munic\u00edpio de Barcarena\" title=\"Foto: Divulga\u00e7\u00e3o\"\/><\/a><figcaption class=\"wp-element-caption\">Munic\u00edpio de Barcarena<\/figcaption><\/figure>\n\n\n\n<p>A proposta apresentada envolve o processamento de res\u00edduos de cobre dentro da ZPE, a partir da aquisi\u00e7\u00e3o e do tratamento de rejeitos minerais. O processo prev\u00ea a gera\u00e7\u00e3o de pelotas com elevado grau de pureza, resultado da otimiza\u00e7\u00e3o tecnol\u00f3gica aplicada ao beneficiamento do min\u00e9rio. A iniciativa combina verticaliza\u00e7\u00e3o da produ\u00e7\u00e3o, inova\u00e7\u00e3o industrial e sustentabilidade, ao transformar passivos ambientais em produtos com valor agregado destinados \u00e0 exporta\u00e7\u00e3o.<\/p>\n\n\n\n<p>Participaram ainda da reuni\u00e3o a gerente de Atendimento a Novos Neg\u00f3cios da Codec, Sabrina Sena, e a assessora da Diretoria de Atra\u00e7\u00e3o de Investimentos e Neg\u00f3cios, Lorena Aguiar, que contribu\u00edram com esclarecimentos t\u00e9cnicos e encaminhamentos institucionais voltados \u00e0 estrutura\u00e7\u00e3o do projeto.<\/p>\n\n\n\n<p>Ao final do encontro, o empres\u00e1rio agradeceu o atendimento prestado pela equipe da Codec e sinalizou a continuidade das tratativas. \u201cAgrade\u00e7o \u00e0 Codec pela receptividade e pela clareza das informa\u00e7\u00f5es apresentadas. O atendimento t\u00e9cnico foi fundamental para compreendermos as possibilidades em Barcarena, e em breve retomaremos o contato para avan\u00e7ar nas tratativas\u201d, afirmou.&nbsp;<\/p>\n\n\n\n<figure class=\"wp-block-image\"><a class=\"imgGcLink\" href=\"https:\/\/www.agenciapara.com.br\/midias\/2026\/grandes\/20260121142032-GC00074090-F00285347.webp\"><img decoding=\"async\" src=\"https:\/\/www.agenciapara.com.br\/midias\/2026\/medias\/20260121142032-GC00074090-F00285347.webp\" alt=\"\" title=\"Foto: Lucas Farias, ASCOM CODEC\"\/><\/a><\/figure>\n\n\n\n<p>A reuni\u00e3o integra o trabalho cont\u00ednuo da Codec na prospec\u00e7\u00e3o e no atendimento qualificado a investidores, oferecendo suporte t\u00e9cnico e institucional desde as etapas iniciais de an\u00e1lise at\u00e9 a estrutura\u00e7\u00e3o dos projetos. A iniciativa est\u00e1 alinhada \u00e0 estrat\u00e9gia do governo do Par\u00e1 de atrair novos empreendimentos, ampliar a base produtiva estadual e promover a gera\u00e7\u00e3o de emprego e renda, contribuindo para o desenvolvimento econ\u00f4mico sustent\u00e1vel do Estado.<\/p>\n\n\n\n<p class=\"has-small-font-size\"><strong>Fonte\/Foto: Ag\u00eancia Par\u00e1<\/strong><\/p>\n","protected":false},"excerpt":{"rendered":"<p><small> 3 minutos<\/small> A Companhia de Desenvolvimento Econ\u00f4mico do Par\u00e1 (Codec) recebeu, no in\u00edcio da tarde desta quarta-feira (21), o empres\u00e1rio Marcelo Beliche, acompanhado do deputado estadual Aveilton de Souza, do vereador do munic\u00edpio de Marab\u00e1, Pacheco (Jimmyson) e da advogada Nat\u00e1lia C. Bueno, em reuni\u00e3o institucional voltada \u00e0 prospec\u00e7\u00e3o de investimentos no Estado, tendo o munic\u00edpio de Barcarena como foco inicial. O encontro teve como objetivo avaliar a viabilidade de implanta\u00e7\u00e3o de um centro de distribui\u00e7\u00e3o no Distrito Industrial de Barcarena, com \u00e1rea estimada <a href=\"https:\/\/www.abrazpe.org.br\/index.php\/2026\/01\/23\/codec-recebe-empreendedor-do-segmento-mineral-e-logistico-interessado-em-investir-em-barcarena\/\" class=\"more-link\"><span>Continue lendo<\/span>\u2192<\/a><\/p>\n","protected":false},"author":6,"featured_media":8701,"comment_status":"closed","ping_status":"open","sticky":false,"template":"","format":"standard","meta":{"footnotes":""},"categories":[7],"tags":[72,187,80,186,74],"class_list":["entry","author-fpx","post-8700","post","type-post","status-publish","format-standard","has-post-thumbnail","category-noticias","tag-abrazpe","tag-barcarena","tag-comercio-exterior","tag-para","tag-zpe"],"_links":{"self":[{"href":"https:\/\/www.abrazpe.org.br\/index.php\/wp-json\/wp\/v2\/posts\/8700","targetHints":{"allow":["GET"]}}],"collection":[{"href":"https:\/\/www.abrazpe.org.br\/index.php\/wp-json\/wp\/v2\/posts"}],"about":[{"href":"https:\/\/www.abrazpe.org.br\/index.php\/wp-json\/wp\/v2\/types\/post"}],"author":[{"embeddable":true,"href":"https:\/\/www.abrazpe.org.br\/index.php\/wp-json\/wp\/v2\/users\/6"}],"replies":[{"embeddable":true,"href":"https:\/\/www.abrazpe.org.br\/index.php\/wp-json\/wp\/v2\/comments?post=8700"}],"version-history":[{"count":1,"href":"https:\/\/www.abrazpe.org.br\/index.php\/wp-json\/wp\/v2\/posts\/8700\/revisions"}],"predecessor-version":[{"id":8703,"href":"https:\/\/www.abrazpe.org.br\/index.php\/wp-json\/wp\/v2\/posts\/8700\/revisions\/8703"}],"wp:featuredmedia":[{"embeddable":true,"href":"https:\/\/www.abrazpe.org.br\/index.php\/wp-json\/wp\/v2\/media\/8701"}],"wp:attachment":[{"href":"https:\/\/www.abrazpe.org.br\/index.php\/wp-json\/wp\/v2\/media?parent=8700"}],"wp:term":[{"taxonomy":"category","embeddable":true,"href":"https:\/\/www.abrazpe.org.br\/index.php\/wp-json\/wp\/v2\/categories?post=8700"},{"taxonomy":"post_tag","embeddable":true,"href":"https:\/\/www.abrazpe.org.br\/index.php\/wp-json\/wp\/v2\/tags?post=8700"}],"curies":[{"name":"wp","href":"https:\/\/api.w.org\/{rel}","templated":true}]}}