{"id":8704,"date":"2026-01-23T15:09:30","date_gmt":"2026-01-23T18:09:30","guid":{"rendered":"https:\/\/www.abrazpe.org.br\/?p=8704"},"modified":"2026-01-23T15:09:31","modified_gmt":"2026-01-23T18:09:31","slug":"maior-data-center-do-brasil-sera-abastecido-com-energia-renovavel-em-local-estrategico-no-nordeste","status":"publish","type":"post","link":"https:\/\/www.abrazpe.org.br\/index.php\/2026\/01\/23\/maior-data-center-do-brasil-sera-abastecido-com-energia-renovavel-em-local-estrategico-no-nordeste\/","title":{"rendered":"Maior Data Center do Brasil ser\u00e1 abastecido com energia renov\u00e1vel em local estrat\u00e9gico no Nordeste"},"content":{"rendered":"<p class=\"estimated-read-time\">Tempo de leitura:<small> 9 minutos<\/small><\/p> \n<p><strong>O maior Data Center do Brasil ser\u00e1 abastecido com energia renov\u00e1vel, em local estrat\u00e9gico no Nordeste, na Zona de Processamento para Exporta\u00e7\u00e3o (ZPE) do Complexo Industrial e Portu\u00e1rio do Pec\u00e9m, no Cear\u00e1.&nbsp;<\/strong><\/p>\n\n\n\n<p>Com investimentos de R$ 210 Bilh\u00f5es em um Mega Data Center de alta tecnologia, o Norteaste, capitaneado pelo Cear\u00e1, acelera sua transforma\u00e7\u00e3o para a era da Economia Digital e transi\u00e7\u00e3o energ\u00e9tica, hidrog\u00eanio verde, fortalecendo a nova industrializa\u00e7\u00e3o 4.0, Carros el\u00e9tricos, IoT, rob\u00f3tica e outros, atraindo empresas globais e ampliando sua relev\u00e2ncia no cen\u00e1rio nacional, e internacional.O Data Center ter\u00e1 foco na exporta\u00e7\u00e3o de servi\u00e7os, posicionando o Brasil como polo estrat\u00e9gico para a expans\u00e3o tecnol\u00f3gica<br>A big tech chinesa ByteDance, empresa controladora do TikTok, vai investir cerca de R$ 200 bilh\u00f5es nos pr\u00f3ximos dez anos em um megaprojeto de um data center nas imedia\u00e7\u00f5es do Porto do Pec\u00e9m, no Cear\u00e1, de acordo com o Minist\u00e9rio do Desenvolvimento, Ind\u00fastria e Com\u00e9rcio.<\/p>\n\n\n\n<p>O empreendimento ser\u00e1 o maior data center individual (de um \u00fanico cliente) do Brasil.<\/p>\n\n\n\n<p>O&nbsp;Cear\u00e1&nbsp;e o Nordeste est\u00e3o se tornado as principais refer\u00eancias nacionais em desenvolvimento industrial, inova\u00e7\u00e3o tecnol\u00f3gica e sustentabilidade.<\/p>\n\n\n\n<p><strong>Veremos a seguir como \u00e9 o projeto do maior Data Center do Brasil, os motivos e a import\u00e2ncia para a economia do Nordeste e do pa\u00eds. Em texto, imagens e v\u00eddeos.<\/strong><\/p>\n\n\n\n<p>O Data Center ter\u00e1 foco na exporta\u00e7\u00e3o de servi\u00e7os, posicionando o Brasil como polo estrat\u00e9gico para a expans\u00e3o tecnol\u00f3gica<br>A big tech chinesa ByteDance, empresa controladora do TikTok, vai investir cerca de R$ 200 bilh\u00f5es nos pr\u00f3ximos dez anos em um megaprojeto de um data center nas imedia\u00e7\u00f5es do Porto do Pec\u00e9m, no Cear\u00e1, de acordo com o Minist\u00e9rio do Desenvolvimento, Ind\u00fastria e Com\u00e9rcio.<\/p>\n\n\n\n<p>O empreendimento ser\u00e1 o maior data center individual (de um \u00fanico cliente) do Brasil.<\/p>\n\n\n\n<p>O Data Center ter\u00e1 foco na exporta\u00e7\u00e3o de servi\u00e7os, posicionando o Brasil como polo estrat\u00e9gico para a expans\u00e3o tecnol\u00f3gica da empresa na regi\u00e3o.<\/p>\n\n\n\n<p>O projeto envolve setores como energia, log\u00edstica, constru\u00e7\u00e3o civil, Tecnologia da Informa\u00e7\u00e3o e telecomunica\u00e7\u00f5es, promovendo aumento da arrecada\u00e7\u00e3o local, atra\u00e7\u00e3o de fornecedores e fortalecimento da ind\u00fastria regional.<\/p>\n\n\n\n<p>O empreendimento pode servir de modelo para outros investimentos semelhantes no pa\u00eds.<\/p>\n\n\n\n<p>A obra do chamado \u201cdata center do TikTok\u201d \u00e9 tocada pela empresa cearense Casa dos Ventos, refer\u00eancia em energia e\u00f3lica, e pela brasileira Omnia, bra\u00e7o do fundo de investimentos P\u00e1tria para data centers.<\/p>\n\n\n\n<figure class=\"wp-block-image size-full\"><img loading=\"lazy\" decoding=\"async\" width=\"984\" height=\"656\" src=\"https:\/\/www.abrazpe.org.br\/wp-content\/uploads\/2026\/01\/image-3.png\" alt=\"\" class=\"wp-image-8707\" srcset=\"https:\/\/www.abrazpe.org.br\/wp-content\/uploads\/2026\/01\/image-3.png 984w, https:\/\/www.abrazpe.org.br\/wp-content\/uploads\/2026\/01\/image-3-300x200.png 300w, https:\/\/www.abrazpe.org.br\/wp-content\/uploads\/2026\/01\/image-3-768x512.png 768w, https:\/\/www.abrazpe.org.br\/wp-content\/uploads\/2026\/01\/image-3-370x247.png 370w, https:\/\/www.abrazpe.org.br\/wp-content\/uploads\/2026\/01\/image-3-970x647.png 970w\" sizes=\"auto, (max-width: 984px) 100vw, 984px\" \/><figcaption class=\"wp-element-caption\">Foto: Thiago Gadelha\/SVM<\/figcaption><\/figure>\n\n\n\n<p>As duas empresas devem investir mais de R$ 12 bilh\u00f5es na estrutura, que ser\u00e1 \u201calugada\u201d e equipada pela ByteDance.<\/p>\n\n\n\n<p>Al\u00e9m da estrutura do data center, devem ser constru\u00eddos um parque e\u00f3lico para abastecimento de energia e uma rede de transmiss\u00e3o de alta tens\u00e3o.<\/p>\n\n\n\n<p>O projeto do data center foi aprovado pelo Conselho Nacional das ZPEs, que garantiu benef\u00edcios fiscais ao empreendimento. Tamb\u00e9m foram aprovados outros quatro data centers da empresa Exportdata.<\/p>\n\n\n\n<p>O que s\u00e3o Data Centers? Os centros nervosos por tr\u00e1s da Economia Digital<br>Data Center \u00e9 uma instala\u00e7\u00e3o f\u00edsica com alta capacidade de refrigera\u00e7\u00e3o, de conex\u00e3o \u00e0 internet e funcionamento ininterrupto.<\/p>\n\n\n\n<p>A estrutura abriga racks, estruturas retangulares que armazenam processadores respons\u00e1veis pelo tr\u00e1fego e armazenamento de dados de toda a internet.<\/p>\n\n\n\n<figure class=\"wp-block-image size-full\"><img loading=\"lazy\" decoding=\"async\" width=\"984\" height=\"656\" src=\"https:\/\/www.abrazpe.org.br\/wp-content\/uploads\/2026\/01\/image-4.png\" alt=\"\" class=\"wp-image-8708\" srcset=\"https:\/\/www.abrazpe.org.br\/wp-content\/uploads\/2026\/01\/image-4.png 984w, https:\/\/www.abrazpe.org.br\/wp-content\/uploads\/2026\/01\/image-4-300x200.png 300w, https:\/\/www.abrazpe.org.br\/wp-content\/uploads\/2026\/01\/image-4-768x512.png 768w, https:\/\/www.abrazpe.org.br\/wp-content\/uploads\/2026\/01\/image-4-370x247.png 370w, https:\/\/www.abrazpe.org.br\/wp-content\/uploads\/2026\/01\/image-4-970x647.png 970w\" sizes=\"auto, (max-width: 984px) 100vw, 984px\" \/><figcaption class=\"wp-element-caption\">Foto: Gabriel Gon\u00e7alves\/Acervo SVM<\/figcaption><\/figure>\n\n\n\n<p>Racks s\u00e3o os processadores dos data center, que armazenam e fazem o tr\u00e1fego de dados \u2014 Foto: Gabriel Gon\u00e7alves\/Acervo SVM<\/p>\n\n\n\n<p>Esses racks ficam em grandes salas, chamadas data hall, onde empresas de tecnologia mant\u00eam os sistemas que fazem sites e redes sociais funcionarem.<\/p>\n\n\n\n<p>Sempre que um usu\u00e1rio acessa um filme no streaming ou publica um story, os dados passam por um data center.<\/p>\n\n\n\n<p>A capacidade de processamento de dados de um data center \u00e9 medida em megawatts (MW), unidade usada, geralmente, para se referir a energia.<\/p>\n\n\n\n<p>Ao falar da capacidade em MW, \u00e9 comum dividir entre&nbsp;<strong>pot\u00eancia de TI<\/strong>&nbsp;(dispon\u00edvel exclusivamente para os servidores do cliente) e a&nbsp;<strong>pot\u00eancia total&nbsp;<\/strong>(que inclui a energia utilizada nos demais equipamentos).<\/p>\n\n\n\n<p>Devido \u00e0 ininterrupta atividade de processamento de dados e as grandes quantidades de energia que circulam ali, as m\u00e1quinas dos data centers precisam de sistemas potentes de refrigera\u00e7\u00e3o, que incluem modelos com resfriamento do ar (como o ar-condicionado) ou resfriamentos envolvendo uso de \u00e1gua para dissipar o calor.<\/p>\n\n\n\n<p>Data center do TikTok ser\u00e1 o maior do pa\u00eds, adicionado o Cear\u00e1 como um centro de Economia digital, ao lado de SP e RJ<br>O Cear\u00e1 \u00e9 o terceiro estado em quantidade de data centers e em capacidade instalada, com 13 data centers em opera\u00e7\u00e3o, atr\u00e1s apenas de S\u00e3o Paulo (82) e Rio de Janeiro (28), segundo a Associa\u00e7\u00e3o Brasileira de Data Centers (ABDC).<\/p>\n\n\n\n<p>Data centers regulares t\u00eam capacidade total de 10 a 30 MW.<\/p>\n\n\n\n<p>Outra empresa brasileira, a Tecto, inaugurou na Praia do Futuro, em Fortaleza, o maior data center do Nordeste, com uma pot\u00eancia total de 20 MW, iniciando opera\u00e7\u00e3o com 4 MW de pot\u00eancia de TI.<\/p>\n\n\n\n<figure class=\"wp-block-image size-full\"><img loading=\"lazy\" decoding=\"async\" width=\"984\" height=\"398\" src=\"https:\/\/www.abrazpe.org.br\/wp-content\/uploads\/2026\/01\/image-5.png\" alt=\"\" class=\"wp-image-8709\" srcset=\"https:\/\/www.abrazpe.org.br\/wp-content\/uploads\/2026\/01\/image-5.png 984w, https:\/\/www.abrazpe.org.br\/wp-content\/uploads\/2026\/01\/image-5-300x121.png 300w, https:\/\/www.abrazpe.org.br\/wp-content\/uploads\/2026\/01\/image-5-768x311.png 768w, https:\/\/www.abrazpe.org.br\/wp-content\/uploads\/2026\/01\/image-5-370x150.png 370w, https:\/\/www.abrazpe.org.br\/wp-content\/uploads\/2026\/01\/image-5-970x392.png 970w\" sizes=\"auto, (max-width: 984px) 100vw, 984px\" \/><\/figure>\n\n\n\n<p>Planta do data center com investimentos da ByteDance (TikTok), no Pec\u00e9m (CE), tem dois pr\u00e9dios principais com processadores, uma subesta\u00e7\u00e3o de energia e espa\u00e7o para amplia\u00e7\u00e3o \u2014 Foto: Reprodu\u00e7\u00e3o<\/p>\n\n\n\n<p>O \u201cdata center do TikTok\u201d prev\u00ea dois pr\u00e9dios principais, somando 200 MW de pot\u00eancia de TI, superando toda a capacidade instalada no Cear\u00e1 de data centers atualmente.<\/p>\n\n\n\n<blockquote class=\"wp-block-quote is-layout-flow wp-block-quote-is-layout-flow\">\n<p>A pot\u00eancia total chega a 300 MW, considerando o consumo dos outros maquin\u00e1rios do pr\u00e9dio. A energia \u00e9 suficiente para abastecer uma cidade de cerca de meio milh\u00e3o de habitantes.<\/p>\n<\/blockquote>\n\n\n\n<p>O projeto de estrutura do pr\u00e9dio inclui os dois galp\u00f5es principais, uma subesta\u00e7\u00e3o pr\u00f3pria de energia, reservat\u00f3rio de \u00e1gua e de combust\u00edveis, uma guarita e uma extensa \u00e1rea de jardim que deve ser utilizada para novas constru\u00e7\u00f5es em caso de futuras amplia\u00e7\u00f5es.<\/p>\n\n\n\n<p>Apesar de ter ficado conhecido como data center do TikTok, o projeto ser\u00e1 constru\u00eddo pelas empresas brasileiras Casa dos Ventos e Omnia, que v\u00e3o \u201calugar\u201d a estrutura para a ByteDance.<\/p>\n\n\n\n<p>O data center deve ser exclusivo para exporta\u00e7\u00e3o, processando dados para usu\u00e1rios de fora do pa\u00eds. Ele ser\u00e1 instalado na ZPE do Pec\u00e9m, entre&nbsp;Caucaia&nbsp;e S\u00e3o Gon\u00e7alo do Amarante, na Regi\u00e3o Metropolitana de Fortaleza.<\/p>\n\n\n\n<blockquote class=\"wp-block-quote is-layout-flow wp-block-quote-is-layout-flow\">\n<p>O equipamento&nbsp;vai ocupar uma \u00e1rea de cerca de 68 hectares (ou 95 campos de futebol), \u00e0s margens da CE-348, no territ\u00f3rio do munic\u00edpio de Caucaia, a cerca de 2 quil\u00f4metros da Lagoa do Cau\u00edpe, importante corpo h\u00eddrico da regi\u00e3o.<\/p>\n<\/blockquote>\n\n\n\n<p>Sistema de refrigera\u00e7\u00e3o em ciclo fechado possibilita um baix\u00edssimo consumo de \u00e1gua<br>Segundo a Omnia, o projeto vai utilizar o chamado sistema de refrigera\u00e7\u00e3o em ciclo fechado, no qual a \u00e1gua utilizada absorve o calor das m\u00e1quinas e depois, em contato com ar, ela mesma \u00e9 resfriada e volta novamente a passar pelas m\u00e1quinas para absorver mais calor.<\/p>\n\n\n\n<p>Segundo a empresa, o modelo fechado \u201cpossibilita um baix\u00edssimo consumo de \u00e1gua 30m\u00b3, equivalente a cerca de 70 resid\u00eancias m\u00e9dias\u201d, ou o correspondente a apenas 0,045% da demanda residencial total do munic\u00edpio de Caucaia.<\/p>\n\n\n\n<figure class=\"wp-block-image size-full\"><img loading=\"lazy\" decoding=\"async\" width=\"768\" height=\"398\" src=\"https:\/\/www.abrazpe.org.br\/wp-content\/uploads\/2026\/01\/image-6.png\" alt=\"\" class=\"wp-image-8710\" srcset=\"https:\/\/www.abrazpe.org.br\/wp-content\/uploads\/2026\/01\/image-6.png 768w, https:\/\/www.abrazpe.org.br\/wp-content\/uploads\/2026\/01\/image-6-300x155.png 300w, https:\/\/www.abrazpe.org.br\/wp-content\/uploads\/2026\/01\/image-6-370x192.png 370w\" sizes=\"auto, (max-width: 768px) 100vw, 768px\" \/><\/figure>\n\n\n\n<p>Em um futuro proximo a tecnologia fot\u00f4nica, que usa luz para processamento, reduzir\u00e1 drasticamente o consumo de energia, entre 10 e 100 vezes menos. A arquitetura \u00f3ptica garante ganhos de velocidade e efici\u00eancia energ\u00e9tica. [Imagem: Arslan Sajid Raja et al. \u2013 10.1038\/s41467-021-25841-8]<br>A Omnia disse que a maior parte do consumo de \u00e1gua ser\u00e1 para uso humano e predial, e \u201capenas cerca de 10% desse total utilizado para a refrigera\u00e7\u00e3o\u201d.<\/p>\n\n\n\n<p>O Conselho Nacional das ZPEs (CZPE) j\u00e1 concedeu ao projeto os benef\u00edcios fiscais usualmente concedidos \u00e0s empresas exportadoras instaladas em ZPEs.<\/p>\n\n\n\n<p>O conselho estima que, em opera\u00e7\u00e3o, o data center vai gerar 550 empregos diretos e indiretos. Nas obras de infraestrutura, 3.800.<\/p>\n\n\n\n<p>O sinal verde do CZPE veio com algumas condicionantes: todo data center instalado em uma ZPE, como o do TikTok, \u00e9 obrigado a utilizar energias renov\u00e1veis.<\/p>\n\n\n\n<p>As empresas devem construir um novo parque e\u00f3lico e uma rede de transmiss\u00e3o de alta tens\u00e3o, atividades especializadas da Casa dos Ventos.<\/p>\n\n\n\n<p>O projeto \u00e9 voltado exclusivo para a exporta\u00e7\u00e3o de dados, a posi\u00e7\u00e3o geogr\u00e1fica facilita ofertar servi\u00e7os na UE, EUA e \u00c1frica, e outros.<br>Segundo o professor de computa\u00e7\u00e3o e rede de computadores da Universidade Federal do Cear\u00e1, Jo\u00e3o Marcelo Uch\u00f4a, os data centers j\u00e1 s\u00e3o conectados entre si para formar uma rede global de distribui\u00e7\u00e3o de conte\u00fado e servi\u00e7os, por isso um usu\u00e1rio do Brasil consegue acessar arquivos hospedados na Europa.<\/p>\n\n\n\n<figure class=\"wp-block-image size-full\"><img loading=\"lazy\" decoding=\"async\" width=\"984\" height=\"554\" src=\"https:\/\/www.abrazpe.org.br\/wp-content\/uploads\/2026\/01\/image-7.png\" alt=\"\" class=\"wp-image-8711\" srcset=\"https:\/\/www.abrazpe.org.br\/wp-content\/uploads\/2026\/01\/image-7.png 984w, https:\/\/www.abrazpe.org.br\/wp-content\/uploads\/2026\/01\/image-7-300x169.png 300w, https:\/\/www.abrazpe.org.br\/wp-content\/uploads\/2026\/01\/image-7-768x432.png 768w, https:\/\/www.abrazpe.org.br\/wp-content\/uploads\/2026\/01\/image-7-304x170.png 304w, https:\/\/www.abrazpe.org.br\/wp-content\/uploads\/2026\/01\/image-7-370x208.png 370w, https:\/\/www.abrazpe.org.br\/wp-content\/uploads\/2026\/01\/image-7-970x546.png 970w\" sizes=\"auto, (max-width: 984px) 100vw, 984px\" \/><\/figure>\n\n\n\n<p>No entanto, quest\u00f5es como a dist\u00e2ncia e mesmo a expans\u00e3o fazem com que as grandes empresas de tecnologia procurem investir em data centers em diversos pa\u00edses, garantindo a melhoria do servi\u00e7o e o oferecimento de novos servi\u00e7os aos consumidores.<\/p>\n\n\n\n<p>No caso dos voltados para exporta\u00e7\u00e3o de dados, a posi\u00e7\u00e3o geogr\u00e1fica pode ajudar a alcan\u00e7ar e melhorar os servi\u00e7os em novos mercados.<\/p>\n\n\n\n<blockquote class=\"wp-block-quote is-layout-flow wp-block-quote-is-layout-flow\">\n<blockquote class=\"wp-block-quote is-layout-flow wp-block-quote-is-layout-flow\">\n<p>\u201cSe eu quero aumentar a minha presen\u00e7a no Brasil, eu vou ter muitos brasileiros fazendo o upload de v\u00eddeos [\u2026], esse v\u00eddeo, se eu for colocar do Brasil para um data center em Miami ou um data center na Europa, essa dist\u00e2ncia, apesar de ser uma rede muito r\u00e1pida, apesar de ser fibra \u00f3tica, sinal de luz, tudo isso a\u00ed, essa dist\u00e2ncia causa o que a gente chama de um lag, um atraso\u201d, explica o docente.<\/p>\n\n\n\n<p>\u201cO Cear\u00e1 est\u00e1 a uma dist\u00e2ncia pr\u00f3xima da \u00c1frica, est\u00e1 a uma dist\u00e2ncia pr\u00f3xima da Am\u00e9rica do Norte, da Europa. Ent\u00e3o, ao colocar o data center no Cear\u00e1, eu estou diminuindo o lag, a lat\u00eancia, para o Brasil, mas tamb\u00e9m estou diminuindo a lat\u00eancia para a \u00c1frica, que \u00e9 um mercado que est\u00e1 aquecendo muito\u201d<\/p>\n<\/blockquote>\n<\/blockquote>\n\n\n\n<p class=\"has-small-font-size\"><strong>Fonte: Nature &amp; Space | Foto: Reprodu\u00e7\u00e3o<\/strong><\/p>\n","protected":false},"excerpt":{"rendered":"<p><small> 9 minutos<\/small> O maior Data Center do Brasil ser\u00e1 abastecido com energia renov\u00e1vel, em local estrat\u00e9gico no Nordeste, na Zona de Processamento para Exporta\u00e7\u00e3o (ZPE) do Complexo Industrial e Portu\u00e1rio do Pec\u00e9m, no Cear\u00e1.&nbsp; Com investimentos de R$ 210 Bilh\u00f5es em um Mega Data Center de alta tecnologia, o Norteaste, capitaneado pelo Cear\u00e1, acelera sua transforma\u00e7\u00e3o para a era da Economia Digital e transi\u00e7\u00e3o energ\u00e9tica, hidrog\u00eanio verde, fortalecendo a nova industrializa\u00e7\u00e3o 4.0, Carros el\u00e9tricos, IoT, rob\u00f3tica e outros, atraindo empresas globais e ampliando sua <a href=\"https:\/\/www.abrazpe.org.br\/index.php\/2026\/01\/23\/maior-data-center-do-brasil-sera-abastecido-com-energia-renovavel-em-local-estrategico-no-nordeste\/\" class=\"more-link\"><span>Continue lendo<\/span>\u2192<\/a><\/p>\n","protected":false},"author":6,"featured_media":8706,"comment_status":"closed","ping_status":"open","sticky":false,"template":"","format":"standard","meta":{"footnotes":""},"categories":[7],"tags":[72,80,226,74],"class_list":["entry","author-fpx","post-8704","post","type-post","status-publish","format-standard","has-post-thumbnail","category-noticias","tag-abrazpe","tag-comercio-exterior","tag-data-center","tag-zpe"],"_links":{"self":[{"href":"https:\/\/www.abrazpe.org.br\/index.php\/wp-json\/wp\/v2\/posts\/8704","targetHints":{"allow":["GET"]}}],"collection":[{"href":"https:\/\/www.abrazpe.org.br\/index.php\/wp-json\/wp\/v2\/posts"}],"about":[{"href":"https:\/\/www.abrazpe.org.br\/index.php\/wp-json\/wp\/v2\/types\/post"}],"author":[{"embeddable":true,"href":"https:\/\/www.abrazpe.org.br\/index.php\/wp-json\/wp\/v2\/users\/6"}],"replies":[{"embeddable":true,"href":"https:\/\/www.abrazpe.org.br\/index.php\/wp-json\/wp\/v2\/comments?post=8704"}],"version-history":[{"count":2,"href":"https:\/\/www.abrazpe.org.br\/index.php\/wp-json\/wp\/v2\/posts\/8704\/revisions"}],"predecessor-version":[{"id":8712,"href":"https:\/\/www.abrazpe.org.br\/index.php\/wp-json\/wp\/v2\/posts\/8704\/revisions\/8712"}],"wp:featuredmedia":[{"embeddable":true,"href":"https:\/\/www.abrazpe.org.br\/index.php\/wp-json\/wp\/v2\/media\/8706"}],"wp:attachment":[{"href":"https:\/\/www.abrazpe.org.br\/index.php\/wp-json\/wp\/v2\/media?parent=8704"}],"wp:term":[{"taxonomy":"category","embeddable":true,"href":"https:\/\/www.abrazpe.org.br\/index.php\/wp-json\/wp\/v2\/categories?post=8704"},{"taxonomy":"post_tag","embeddable":true,"href":"https:\/\/www.abrazpe.org.br\/index.php\/wp-json\/wp\/v2\/tags?post=8704"}],"curies":[{"name":"wp","href":"https:\/\/api.w.org\/{rel}","templated":true}]}}