{"id":8713,"date":"2026-01-25T10:13:22","date_gmt":"2026-01-25T13:13:22","guid":{"rendered":"https:\/\/www.abrazpe.org.br\/?p=8713"},"modified":"2026-01-25T10:13:23","modified_gmt":"2026-01-25T13:13:23","slug":"decreto-federal-oficializa-criacao-da-zpe-de-barcarena-no-para","status":"publish","type":"post","link":"https:\/\/www.abrazpe.org.br\/index.php\/2026\/01\/25\/decreto-federal-oficializa-criacao-da-zpe-de-barcarena-no-para\/","title":{"rendered":"Decreto federal oficializa cria\u00e7\u00e3o da ZPE de Barcarena no Par\u00e1"},"content":{"rendered":"<p class=\"estimated-read-time\">Tempo de leitura:<small> 2 minutos<\/small><\/p> \n<p>Fruto de uma articula\u00e7\u00e3o t\u00e9cnica e pol\u00edtica liderada pelo governo do Par\u00e1, por meio da Companhia de Desenvolvimento Econ\u00f4mico (Codec), o Estado alcan\u00e7ou um marco hist\u00f3rico para sua economia com a publica\u00e7\u00e3o do Decreto n\u00ba 12.823, de 22 de janeiro de 2026. A medida, assinada pelo governo federal, oficializa a cria\u00e7\u00e3o da Zona de Processamento de Exporta\u00e7\u00e3o (ZPE) de Barcarena, consolidando o esfor\u00e7o da gest\u00e3o estadual em garantir seguran\u00e7a jur\u00eddica e atrair investimentos de alto valor agregado. O projeto, estruturado pela Codec em parceria com a Secretaria de Desenvolvimento Econ\u00f4mico, Minera\u00e7\u00e3o e Energia (Sedeme) e o setor produtivo, posiciona o Par\u00e1 como um player estrat\u00e9gico nas cadeias globais de valor.<\/p>\n\n\n\n<p>Localizada no Distrito Industrial de Barcarena, a ZPE compreende 271 hectares destinados a ind\u00fastrias voltadas \u00e0 exporta\u00e7\u00e3o. O modelo operar\u00e1 sob regime aduaneiro especial, oferecendo incentivos fiscais, cambiais e administrativos. A localiza\u00e7\u00e3o estrat\u00e9gica, integrada aos corredores log\u00edsticos da Amaz\u00f4nia, \u00e9 um dos diferenciais competitivos assegurados pelo planejamento do Estado.<\/p>\n\n\n\n<p>A consolida\u00e7\u00e3o da ZPE \u00e9 resultado de um trabalho coordenado pelo governo do Par\u00e1, envolvendo a prefeitura de Barcarena, a Federa\u00e7\u00e3o das Ind\u00fastrias (Fiepa) e a empresa-\u00e2ncora Bravo Metals. A Codec atuou na linha de frente, reformulando o projeto para adequ\u00e1-lo \u00e0s normas atuais de energia e infraestrutura, al\u00e9m de conduzir o di\u00e1logo direto com investidores internacionais.<\/p>\n\n\n\n<figure class=\"wp-block-image size-large\"><img loading=\"lazy\" decoding=\"async\" width=\"683\" height=\"1024\" src=\"https:\/\/www.abrazpe.org.br\/wp-content\/uploads\/2026\/01\/image-8-683x1024.png\" alt=\"\" class=\"wp-image-8714\" srcset=\"https:\/\/www.abrazpe.org.br\/wp-content\/uploads\/2026\/01\/image-8-683x1024.png 683w, https:\/\/www.abrazpe.org.br\/wp-content\/uploads\/2026\/01\/image-8-200x300.png 200w, https:\/\/www.abrazpe.org.br\/wp-content\/uploads\/2026\/01\/image-8-768x1152.png 768w, https:\/\/www.abrazpe.org.br\/wp-content\/uploads\/2026\/01\/image-8-1024x1536.png 1024w, https:\/\/www.abrazpe.org.br\/wp-content\/uploads\/2026\/01\/image-8-1365x2048.png 1365w, https:\/\/www.abrazpe.org.br\/wp-content\/uploads\/2026\/01\/image-8-370x555.png 370w, https:\/\/www.abrazpe.org.br\/wp-content\/uploads\/2026\/01\/image-8-970x1455.png 970w, https:\/\/www.abrazpe.org.br\/wp-content\/uploads\/2026\/01\/image-8.png 1400w\" sizes=\"auto, (max-width: 683px) 100vw, 683px\" \/><\/figure>\n\n\n\n<p>Segundo o diretor de Estrat\u00e9gia e Rela\u00e7\u00f5es Institucionais da Codec, P\u00e1dua Rodrigues, o decreto consolida um processo constru\u00eddo com base t\u00e9cnica e coopera\u00e7\u00e3o federativa. \u201cA cria\u00e7\u00e3o da ZPE de Barcarena decorre de um trabalho consistente, que envolveu revis\u00e3o do projeto, di\u00e1logo com o setor produtivo e alinhamento entre os entes federativos. Trata-se de um instrumento estrat\u00e9gico para inserir o Par\u00e1 de forma mais qualificada na agenda da industrializa\u00e7\u00e3o voltada \u00e0 exporta\u00e7\u00e3o\u201d, afirmou.<\/p>\n\n\n\n<p>Para o presidente da Codec, Lutfala Bitar, a iniciativa \u00e9 um divisor de \u00e1guas. \u201cA ZPE de Barcarena cria um ambiente favor\u00e1vel para que a produ\u00e7\u00e3o do Estado avance para etapas de maior valor agregado. \u00c9 uma oportunidade concreta de transformar potencial econ\u00f4mico em desenvolvimento real\u201d, afirmou. Com o marco legal estabelecido, o Estado agora avan\u00e7a para as fases de licenciamento ambiental e execu\u00e7\u00e3o das obras de infraestrutura.<\/p>\n\n\n\n<figure class=\"wp-block-image\"><a class=\"imgGcLink\" href=\"https:\/\/www.agenciapara.com.br\/midias\/2026\/grandes\/20260123135333-GC00074141-F00285656E.webp\"><img decoding=\"async\" src=\"https:\/\/www.agenciapara.com.br\/midias\/2026\/medias\/20260123135333-GC00074141-F00285656E.webp\" alt=\"\" title=\"Foto: Divulga\u00e7\u00e3o\"\/><\/a><\/figure>\n\n\n\n<p>Com a consolida\u00e7\u00e3o do marco legal, o empreendimento avan\u00e7a para as fases de atualiza\u00e7\u00e3o do projeto executivo, licenciamento ambiental, reforma de p\u00f3rtico, constru\u00e7\u00e3o da infraestrutura e edifica\u00e7\u00f5es administrativas, al\u00e9m do alfandegamento, al\u00e9m de outras provid\u00eancias t\u00e9cnicas e institucionais necess\u00e1rias e a prepara\u00e7\u00e3o das condi\u00e7\u00f5es para o in\u00edcio das obras de infraestrutura, fundamentais para a futura opera\u00e7\u00e3o da ZPE sob o regime aduaneiro especial.<\/p>\n\n\n\n<p class=\"has-small-font-size\"><strong>Fonte\/Foto: Ag\u00eancia Par\u00e1<\/strong><\/p>\n","protected":false},"excerpt":{"rendered":"<p><small> 2 minutos<\/small> Fruto de uma articula\u00e7\u00e3o t\u00e9cnica e pol\u00edtica liderada pelo governo do Par\u00e1, por meio da Companhia de Desenvolvimento Econ\u00f4mico (Codec), o Estado alcan\u00e7ou um marco hist\u00f3rico para sua economia com a publica\u00e7\u00e3o do Decreto n\u00ba 12.823, de 22 de janeiro de 2026. A medida, assinada pelo governo federal, oficializa a cria\u00e7\u00e3o da Zona de Processamento de Exporta\u00e7\u00e3o (ZPE) de Barcarena, consolidando o esfor\u00e7o da gest\u00e3o estadual em garantir seguran\u00e7a jur\u00eddica e atrair investimentos de alto valor agregado. O projeto, estruturado pela Codec <a href=\"https:\/\/www.abrazpe.org.br\/index.php\/2026\/01\/25\/decreto-federal-oficializa-criacao-da-zpe-de-barcarena-no-para\/\" class=\"more-link\"><span>Continue lendo<\/span>\u2192<\/a><\/p>\n","protected":false},"author":6,"featured_media":8715,"comment_status":"closed","ping_status":"open","sticky":false,"template":"","format":"standard","meta":{"footnotes":""},"categories":[7],"tags":[72,187,80,186,74],"class_list":["entry","author-fpx","post-8713","post","type-post","status-publish","format-standard","has-post-thumbnail","category-noticias","tag-abrazpe","tag-barcarena","tag-comercio-exterior","tag-para","tag-zpe"],"_links":{"self":[{"href":"https:\/\/www.abrazpe.org.br\/index.php\/wp-json\/wp\/v2\/posts\/8713","targetHints":{"allow":["GET"]}}],"collection":[{"href":"https:\/\/www.abrazpe.org.br\/index.php\/wp-json\/wp\/v2\/posts"}],"about":[{"href":"https:\/\/www.abrazpe.org.br\/index.php\/wp-json\/wp\/v2\/types\/post"}],"author":[{"embeddable":true,"href":"https:\/\/www.abrazpe.org.br\/index.php\/wp-json\/wp\/v2\/users\/6"}],"replies":[{"embeddable":true,"href":"https:\/\/www.abrazpe.org.br\/index.php\/wp-json\/wp\/v2\/comments?post=8713"}],"version-history":[{"count":1,"href":"https:\/\/www.abrazpe.org.br\/index.php\/wp-json\/wp\/v2\/posts\/8713\/revisions"}],"predecessor-version":[{"id":8716,"href":"https:\/\/www.abrazpe.org.br\/index.php\/wp-json\/wp\/v2\/posts\/8713\/revisions\/8716"}],"wp:featuredmedia":[{"embeddable":true,"href":"https:\/\/www.abrazpe.org.br\/index.php\/wp-json\/wp\/v2\/media\/8715"}],"wp:attachment":[{"href":"https:\/\/www.abrazpe.org.br\/index.php\/wp-json\/wp\/v2\/media?parent=8713"}],"wp:term":[{"taxonomy":"category","embeddable":true,"href":"https:\/\/www.abrazpe.org.br\/index.php\/wp-json\/wp\/v2\/categories?post=8713"},{"taxonomy":"post_tag","embeddable":true,"href":"https:\/\/www.abrazpe.org.br\/index.php\/wp-json\/wp\/v2\/tags?post=8713"}],"curies":[{"name":"wp","href":"https:\/\/api.w.org\/{rel}","templated":true}]}}