{"id":8717,"date":"2026-01-25T10:17:25","date_gmt":"2026-01-25T13:17:25","guid":{"rendered":"https:\/\/www.abrazpe.org.br\/?p=8717"},"modified":"2026-01-25T10:18:59","modified_gmt":"2026-01-25T13:18:59","slug":"mdic-governo-oficializa-criacao-de-zpe-no-para-e-preve-investimentos-de-r-1-bi","status":"publish","type":"post","link":"https:\/\/www.abrazpe.org.br\/index.php\/2026\/01\/25\/mdic-governo-oficializa-criacao-de-zpe-no-para-e-preve-investimentos-de-r-1-bi\/","title":{"rendered":"MDIC: governo oficializa cria\u00e7\u00e3o de ZPE no Par\u00e1 e prev\u00ea investimentos de R$ 1 bi"},"content":{"rendered":"<p class=\"estimated-read-time\">Tempo de leitura:<small> 1 minuto<\/small><\/p> \n<p>O vice-presidente da Rep\u00fablica e ministro do Desenvolvimento, Ind\u00fastria, Com\u00e9rcio e Servi\u00e7os, Geraldo Alckmin, que nesta sexta-feira, 23, visita duas concession\u00e1rias automotivas em Ribeir\u00e3o Preto (SP), comentou a oficializa\u00e7\u00e3o pelo governo federal da cria\u00e7\u00e3o da nova Zona de Processamento de Exporta\u00e7\u00e3o (ZPE) de Barcarena, no Par\u00e1. Aprovada em novembro de 2025 pelo Conselho Nacional das ZPEs, o empreendimento ser\u00e1 instalado no Distrito Industrial de Barcarena, com \u00e1rea de 271 hectares. <\/p>\n\n\n\n<p>De acordo com o Minist\u00e9rio do Desenvolvimento, Ind\u00fastria, Com\u00e9rcio e Servi\u00e7os (MDIC), a ZPE de Barcarena j\u00e1 conta com o projeto-\u00e2ncora aprovado. A Bravo Metals Ltda vai instalar no local uma ind\u00fastria de processamento de metais de platina, n\u00edquel e cobre. Esse projeto prev\u00ea R$ 1 bilh\u00e3o em investimentos, com estimativa de cria\u00e7\u00e3o de 2.500 empregos na implanta\u00e7\u00e3o e 210 empregos na opera\u00e7\u00e3o, diretos e indiretos.<\/p>\n\n\n\n<p>&#8220;A nova ZPE dar\u00e1 mais competitividade \u00e0s exporta\u00e7\u00f5es do Estado, em \u00e1reas como minera\u00e7\u00e3o. Ela cumpre um papel estrat\u00e9gico ao atrair investimentos, gerar empregos e impulsionar o desenvolvimento do Pa\u00eds. \u00c9 um espa\u00e7o preparado para receber empresas, agregar valor \u00e0 produ\u00e7\u00e3o nacional e ampliar as exporta\u00e7\u00f5es&#8221;, destaca o vice-presidente. <\/p>\n\n\n\n<p>O munic\u00edpio de Barcarena, a 13 quil\u00f4metros de Bel\u00e9m por via fluvial e 113 quil\u00f4metros por rodovia (PA-151), \u00e9 integrado \u00e0 regi\u00e3o metropolitana da capital, com 2,54 milh\u00f5es de habitantes. <\/p>\n\n\n\n<p>De acordo com o MDIC, com a publica\u00e7\u00e3o do decreto, o governo do Par\u00e1 tem o prazo de 90 dias para estabelecer a empresa administradora da ZPE e a obriga\u00e7\u00e3o de iniciar as obras dentro de 24 meses.<\/p>\n\n\n\n<p>A administradora ser\u00e1 respons\u00e1vel por implantar e administrar a \u00e1rea de livre-com\u00e9rcio. Para entrar em funcionamento, a ZPE de Barcarena ainda precisar\u00e1 passar pelo alfandegamento da \u00e1rea pela Secretaria Especial da Receita Federal, do Minist\u00e9rio da Fazenda.<\/p>\n\n\n\n<p class=\"has-small-font-size\"><strong>Fonte: Economia UOL | Foto: Divulga\u00e7\u00e3o\/Ag\u00eancia Par\u00e1<\/strong><\/p>\n","protected":false},"excerpt":{"rendered":"<p><small> 1 minuto<\/small> O vice-presidente da Rep\u00fablica e ministro do Desenvolvimento, Ind\u00fastria, Com\u00e9rcio e Servi\u00e7os, Geraldo Alckmin, que nesta sexta-feira, 23, visita duas concession\u00e1rias automotivas em Ribeir\u00e3o Preto (SP), comentou a oficializa\u00e7\u00e3o pelo governo federal da cria\u00e7\u00e3o da nova Zona de Processamento de Exporta\u00e7\u00e3o (ZPE) de Barcarena, no Par\u00e1. Aprovada em novembro de 2025 pelo Conselho Nacional das ZPEs, o empreendimento ser\u00e1 instalado no Distrito Industrial de Barcarena, com \u00e1rea de 271 hectares. De acordo com o Minist\u00e9rio do Desenvolvimento, Ind\u00fastria, Com\u00e9rcio e Servi\u00e7os (MDIC), <a href=\"https:\/\/www.abrazpe.org.br\/index.php\/2026\/01\/25\/mdic-governo-oficializa-criacao-de-zpe-no-para-e-preve-investimentos-de-r-1-bi\/\" class=\"more-link\"><span>Continue lendo<\/span>\u2192<\/a><\/p>\n","protected":false},"author":6,"featured_media":8718,"comment_status":"closed","ping_status":"open","sticky":false,"template":"","format":"standard","meta":{"footnotes":""},"categories":[7],"tags":[72,187,80,73,186,74],"class_list":["entry","author-fpx","post-8717","post","type-post","status-publish","format-standard","has-post-thumbnail","category-noticias","tag-abrazpe","tag-barcarena","tag-comercio-exterior","tag-geraldo-alckmin","tag-para","tag-zpe"],"_links":{"self":[{"href":"https:\/\/www.abrazpe.org.br\/index.php\/wp-json\/wp\/v2\/posts\/8717","targetHints":{"allow":["GET"]}}],"collection":[{"href":"https:\/\/www.abrazpe.org.br\/index.php\/wp-json\/wp\/v2\/posts"}],"about":[{"href":"https:\/\/www.abrazpe.org.br\/index.php\/wp-json\/wp\/v2\/types\/post"}],"author":[{"embeddable":true,"href":"https:\/\/www.abrazpe.org.br\/index.php\/wp-json\/wp\/v2\/users\/6"}],"replies":[{"embeddable":true,"href":"https:\/\/www.abrazpe.org.br\/index.php\/wp-json\/wp\/v2\/comments?post=8717"}],"version-history":[{"count":2,"href":"https:\/\/www.abrazpe.org.br\/index.php\/wp-json\/wp\/v2\/posts\/8717\/revisions"}],"predecessor-version":[{"id":8721,"href":"https:\/\/www.abrazpe.org.br\/index.php\/wp-json\/wp\/v2\/posts\/8717\/revisions\/8721"}],"wp:featuredmedia":[{"embeddable":true,"href":"https:\/\/www.abrazpe.org.br\/index.php\/wp-json\/wp\/v2\/media\/8718"}],"wp:attachment":[{"href":"https:\/\/www.abrazpe.org.br\/index.php\/wp-json\/wp\/v2\/media?parent=8717"}],"wp:term":[{"taxonomy":"category","embeddable":true,"href":"https:\/\/www.abrazpe.org.br\/index.php\/wp-json\/wp\/v2\/categories?post=8717"},{"taxonomy":"post_tag","embeddable":true,"href":"https:\/\/www.abrazpe.org.br\/index.php\/wp-json\/wp\/v2\/tags?post=8717"}],"curies":[{"name":"wp","href":"https:\/\/api.w.org\/{rel}","templated":true}]}}