{"id":8728,"date":"2026-01-29T13:36:27","date_gmt":"2026-01-29T16:36:27","guid":{"rendered":"https:\/\/www.abrazpe.org.br\/?p=8728"},"modified":"2026-01-29T13:36:28","modified_gmt":"2026-01-29T16:36:28","slug":"zpe-no-para-acende-alerta-no-am-mas-nao-ameaca-zona-franca-de-manaus","status":"publish","type":"post","link":"https:\/\/www.abrazpe.org.br\/index.php\/2026\/01\/29\/zpe-no-para-acende-alerta-no-am-mas-nao-ameaca-zona-franca-de-manaus\/","title":{"rendered":"ZPE no Par\u00e1 acende alerta no AM, mas n\u00e3o amea\u00e7a Zona Franca de Manaus"},"content":{"rendered":"<p class=\"estimated-read-time\">Tempo de leitura:<small> 3 minutos<\/small><\/p> \n<p>O governo federal oficializou, na \u00faltima sexta-feira (23 de janeiro), a cria\u00e7\u00e3o da Zona de Processamento de Exporta\u00e7\u00e3o (ZPE) de Barcarena, munic\u00edpio localizado na regi\u00e3o metropolitana de Bel\u00e9m, no estado do Par\u00e1.<\/p>\n\n\n\n<p>A nova ZPE ter\u00e1 271 hectares e foi aprovada em novembro de 2025 pelo Conselho Nacional das Zonas de Processamento de Exporta\u00e7\u00e3o. A empresa Bravo Metals Ltda. dever\u00e1 instalar uma ind\u00fastria voltada ao processamento de metais como platina, n\u00edquel e cobre.<\/p>\n\n\n\n<p>O investimento estimado \u00e9 de R$ 1 bilh\u00e3o, com previs\u00e3o de gera\u00e7\u00e3o de 2.500 empregos na fase de implanta\u00e7\u00e3o e cerca de 210 postos de trabalho diretos e indiretos durante a opera\u00e7\u00e3o.<\/p>\n\n\n\n<p>Segundo o governo federal, a iniciativa tem como objetivo atrair investimentos, estimular as exporta\u00e7\u00f5es e aumentar a competitividade do Brasil no com\u00e9rcio internacional.<\/p>\n\n\n\n<p>Isso porque Barcarena j\u00e1 \u00e9 considerada um dos principais polos log\u00edsticos e industriais do Par\u00e1, com forte presen\u00e7a portu\u00e1ria e industrial.<\/p>\n\n\n\n<p><strong>ZPE x Zona Franca de Manaus<\/strong><\/p>\n\n\n\n<p>Desse modo, a nova ZPE der Barcarena, no Par\u00e1, levantou d\u00favidas entre empres\u00e1rios e trabalhadores do polo industrial de Manaus. Eles passaram a questionar se o novo polo industrial voltado \u00e0 exporta\u00e7\u00e3o pode representar concorr\u00eancia direta ou preju\u00edzo ao modelo que sustenta a economia do Amazonas h\u00e1 mais de cinco d\u00e9cadas.<\/p>\n\n\n\n<figure class=\"wp-block-image size-large\"><img loading=\"lazy\" decoding=\"async\" width=\"1024\" height=\"576\" src=\"https:\/\/www.abrazpe.org.br\/wp-content\/uploads\/2026\/01\/image-9-1024x576.png\" alt=\"\" class=\"wp-image-8729\" srcset=\"https:\/\/www.abrazpe.org.br\/wp-content\/uploads\/2026\/01\/image-9-1024x576.png 1024w, https:\/\/www.abrazpe.org.br\/wp-content\/uploads\/2026\/01\/image-9-300x169.png 300w, https:\/\/www.abrazpe.org.br\/wp-content\/uploads\/2026\/01\/image-9-768x432.png 768w, https:\/\/www.abrazpe.org.br\/wp-content\/uploads\/2026\/01\/image-9-304x170.png 304w, https:\/\/www.abrazpe.org.br\/wp-content\/uploads\/2026\/01\/image-9-370x208.png 370w, https:\/\/www.abrazpe.org.br\/wp-content\/uploads\/2026\/01\/image-9-970x546.png 970w, https:\/\/www.abrazpe.org.br\/wp-content\/uploads\/2026\/01\/image-9.png 1536w\" sizes=\"auto, (max-width: 1024px) 100vw, 1024px\" \/><\/figure>\n\n\n\n<p>E a resposta curta \u00e9: n\u00e3o h\u00e1 amea\u00e7a direta \u00e0 Zona Franca de Manaus. Mas o tema exige aten\u00e7\u00e3o, sobretudo em um cen\u00e1rio de disputa por investimentos, log\u00edstica e incentivos fiscais no Brasil.<\/p>\n\n\n\n<p>Assim, especialistas e entidades do setor afirmam que n\u00e3o h\u00e1 concorr\u00eancia direta entre os dois regimes.<\/p>\n\n\n\n<p><strong>Diferen\u00e7as<\/strong><\/p>\n\n\n\n<p>A ZPE de Barcarena foi criada por decreto federal em janeiro de 2026 e tem como foco a instala\u00e7\u00e3o de ind\u00fastrias voltadas quase exclusivamente \u00e0 exporta\u00e7\u00e3o, aproveitando a estrutura portu\u00e1ria do Par\u00e1.<\/p>\n\n\n\n<p>J\u00e1 a Zona Franca de Manaus \u00e9 um modelo mais amplo de desenvolvimento regional, voltado principalmente ao mercado interno brasileiro.<\/p>\n\n\n\n<p>Segundo a Superintend\u00eancia da Zona Franca de Manaus (Suframa), os regimes t\u00eam objetivos distintos.<\/p>\n\n\n\n<p>\u201cA Zona Franca de Manaus \u00e9 um instrumento de redu\u00e7\u00e3o das desigualdades regionais e de desenvolvimento da Amaz\u00f4nia Ocidental. As ZPE cumprem outro papel, ligado \u00e0 pol\u00edtica de exporta\u00e7\u00e3o\u201d, informou o \u00f3rg\u00e3o, em posicionamento institucional.<\/p>\n\n\n\n<p><strong>Investimento e log\u00edstica<\/strong><\/p>\n\n\n\n<p>Para economistas do setor industrial, o risco n\u00e3o est\u00e1 na concorr\u00eancia direta, mas na disputa por investimentos e log\u00edstica.<\/p>\n\n\n\n<p>\u201cZPE e ZFM n\u00e3o competem entre si. O desafio \u00e9 garantir que a Zona Franca de Manaus continue atrativa e integrada \u00e0s novas cadeias globais\u201d, avalia um analista ouvido pela reportagem.<\/p>\n\n\n\n<p>O Centro das Ind\u00fastrias do Estado do Amazonas (Cieam) tamb\u00e9m minimiza impactos imediatos. Em nota, a entidade afirmou que \u201ca cria\u00e7\u00e3o de ZPE em outros estados n\u00e3o retira incentivos da Zona Franca de Manaus, mas refor\u00e7a a necessidade de defesa permanente do modelo e de investimentos em inova\u00e7\u00e3o e log\u00edstica\u201d.<\/p>\n\n\n\n<p><strong>ZPE no Brasil<\/strong><\/p>\n\n\n\n<p>O Brasil possui hoje cerca de 12 Zonas de Processamento de Exporta\u00e7\u00e3o autorizadas, em diferentes est\u00e1gios de implanta\u00e7\u00e3o ou opera\u00e7\u00e3o.<\/p>\n\n\n\n<p>Elas foram criadas com base em decretos presidenciais, especialmente ap\u00f3s a regulamenta\u00e7\u00e3o do modelo pela Lei n\u00ba 11.508, de 2007.<\/p>\n\n\n\n<p>Nem todas est\u00e3o plenamente operacionais, e muitas enfrentam dificuldades para atrair empresas, o que refor\u00e7a que a simples cria\u00e7\u00e3o de uma ZPE n\u00e3o garante sucesso econ\u00f4mico autom\u00e1tico. Entre as principais est\u00e3o:<\/p>\n\n\n\n<p>\u2022&nbsp;&nbsp;&nbsp;&nbsp;&nbsp;&nbsp;&nbsp;&nbsp;&nbsp;&nbsp; Pec\u00e9m (CE)<\/p>\n\n\n\n<p>\u2022&nbsp;&nbsp;&nbsp;&nbsp;&nbsp;&nbsp;&nbsp;&nbsp;&nbsp;&nbsp; Parna\u00edba (PI)<\/p>\n\n\n\n<p>\u2022&nbsp;&nbsp;&nbsp;&nbsp;&nbsp;&nbsp;&nbsp;&nbsp;&nbsp;&nbsp; C\u00e1ceres (MT)<\/p>\n\n\n\n<p>\u2022&nbsp;&nbsp;&nbsp;&nbsp;&nbsp;&nbsp;&nbsp;&nbsp;&nbsp;&nbsp; Uberaba (MG)<\/p>\n\n\n\n<p>\u2022&nbsp;&nbsp;&nbsp;&nbsp;&nbsp;&nbsp;&nbsp;&nbsp;&nbsp;&nbsp; Suape (PE)<\/p>\n\n\n\n<p>\u2022&nbsp;&nbsp;&nbsp;&nbsp;&nbsp;&nbsp;&nbsp;&nbsp;&nbsp;&nbsp; A\u00e7\u00fa (RJ)<\/p>\n\n\n\n<p>\u2022&nbsp;&nbsp;&nbsp;&nbsp;&nbsp;&nbsp;&nbsp;&nbsp;&nbsp;&nbsp; Barcarena (PA), a mais recente<\/p>\n\n\n\n<p>Por fim, dizem os entendedores de Zona Franca de Manaus, que a cria\u00e7\u00e3o de ZPE em outros estados refor\u00e7a a necessidade de o Amazonas n\u00e3o depender apenas de incentivos fiscais, mas ampliar competitividade, tecnologia e sustentabilidade.<\/p>\n\n\n\n<p class=\"has-small-font-size\"><strong>Fonte: BNC Amazonas | Foto: Divulga\u00e7\u00e3o<\/strong><\/p>\n","protected":false},"excerpt":{"rendered":"<p><small> 3 minutos<\/small> O governo federal oficializou, na \u00faltima sexta-feira (23 de janeiro), a cria\u00e7\u00e3o da Zona de Processamento de Exporta\u00e7\u00e3o (ZPE) de Barcarena, munic\u00edpio localizado na regi\u00e3o metropolitana de Bel\u00e9m, no estado do Par\u00e1. A nova ZPE ter\u00e1 271 hectares e foi aprovada em novembro de 2025 pelo Conselho Nacional das Zonas de Processamento de Exporta\u00e7\u00e3o. A empresa Bravo Metals Ltda. dever\u00e1 instalar uma ind\u00fastria voltada ao processamento de metais como platina, n\u00edquel e cobre. O investimento estimado \u00e9 de R$ 1 bilh\u00e3o, com <a href=\"https:\/\/www.abrazpe.org.br\/index.php\/2026\/01\/29\/zpe-no-para-acende-alerta-no-am-mas-nao-ameaca-zona-franca-de-manaus\/\" class=\"more-link\"><span>Continue lendo<\/span>\u2192<\/a><\/p>\n","protected":false},"author":6,"featured_media":8730,"comment_status":"closed","ping_status":"open","sticky":false,"template":"","format":"standard","meta":{"footnotes":""},"categories":[7],"tags":[72,581,187,80,579,580,74],"class_list":["entry","author-fpx","post-8728","post","type-post","status-publish","format-standard","has-post-thumbnail","category-noticias","tag-abrazpe","tag-amazonas","tag-barcarena","tag-comercio-exterior","tag-parana","tag-zona-franca-de-manaus","tag-zpe"],"_links":{"self":[{"href":"https:\/\/www.abrazpe.org.br\/index.php\/wp-json\/wp\/v2\/posts\/8728","targetHints":{"allow":["GET"]}}],"collection":[{"href":"https:\/\/www.abrazpe.org.br\/index.php\/wp-json\/wp\/v2\/posts"}],"about":[{"href":"https:\/\/www.abrazpe.org.br\/index.php\/wp-json\/wp\/v2\/types\/post"}],"author":[{"embeddable":true,"href":"https:\/\/www.abrazpe.org.br\/index.php\/wp-json\/wp\/v2\/users\/6"}],"replies":[{"embeddable":true,"href":"https:\/\/www.abrazpe.org.br\/index.php\/wp-json\/wp\/v2\/comments?post=8728"}],"version-history":[{"count":1,"href":"https:\/\/www.abrazpe.org.br\/index.php\/wp-json\/wp\/v2\/posts\/8728\/revisions"}],"predecessor-version":[{"id":8731,"href":"https:\/\/www.abrazpe.org.br\/index.php\/wp-json\/wp\/v2\/posts\/8728\/revisions\/8731"}],"wp:featuredmedia":[{"embeddable":true,"href":"https:\/\/www.abrazpe.org.br\/index.php\/wp-json\/wp\/v2\/media\/8730"}],"wp:attachment":[{"href":"https:\/\/www.abrazpe.org.br\/index.php\/wp-json\/wp\/v2\/media?parent=8728"}],"wp:term":[{"taxonomy":"category","embeddable":true,"href":"https:\/\/www.abrazpe.org.br\/index.php\/wp-json\/wp\/v2\/categories?post=8728"},{"taxonomy":"post_tag","embeddable":true,"href":"https:\/\/www.abrazpe.org.br\/index.php\/wp-json\/wp\/v2\/tags?post=8728"}],"curies":[{"name":"wp","href":"https:\/\/api.w.org\/{rel}","templated":true}]}}