{"id":8843,"date":"2026-03-17T19:43:53","date_gmt":"2026-03-17T22:43:53","guid":{"rendered":"https:\/\/www.abrazpe.org.br\/?p=8843"},"modified":"2026-03-17T19:44:40","modified_gmt":"2026-03-17T22:44:40","slug":"missao-empresarial-aproxima-maranhao-do-panama-e-abre-novas-oportunidades-comerciais","status":"publish","type":"post","link":"https:\/\/www.abrazpe.org.br\/index.php\/2026\/03\/17\/missao-empresarial-aproxima-maranhao-do-panama-e-abre-novas-oportunidades-comerciais\/","title":{"rendered":"Miss\u00e3o empresarial aproxima Maranh\u00e3o do Panam\u00e1 e abre novas oportunidades comerciais"},"content":{"rendered":"<p class=\"estimated-read-time\">Tempo de leitura:<small> 5 minutos<\/small><\/p> \n<p><em>17\/03\/2026<\/em><\/p>\n\n\n\n<p><\/p>\n\n\n\n<figure class=\"wp-block-image size-full\"><img loading=\"lazy\" decoding=\"async\" width=\"744\" height=\"311\" src=\"https:\/\/www.abrazpe.org.br\/wp-content\/uploads\/2026\/03\/57245_mit_4823383491978505281.jpeg\" alt=\"\" class=\"wp-image-8844\" srcset=\"https:\/\/www.abrazpe.org.br\/wp-content\/uploads\/2026\/03\/57245_mit_4823383491978505281.jpeg 744w, https:\/\/www.abrazpe.org.br\/wp-content\/uploads\/2026\/03\/57245_mit_4823383491978505281-300x125.jpeg 300w, https:\/\/www.abrazpe.org.br\/wp-content\/uploads\/2026\/03\/57245_mit_4823383491978505281-370x155.jpeg 370w\" sizes=\"auto, (max-width: 744px) 100vw, 744px\" \/><\/figure>\n\n\n\n<p><em>\u00a0Integrantes da Investe Maranh\u00e3o e da ZPE Maranh\u00e3o realizaram uma s\u00e9rie de reuni\u00f5es com setores-chave, com o objetivo de fortalecer a imagem do estado internacionalmente (Foto: Divulga\u00e7\u00e3o)<\/em><\/p>\n\n\n\n<p><\/p>\n\n\n\n<p>O Maranh\u00e3o tem buscado novas parcerias comerciais importantes para o avan\u00e7o da industrializa\u00e7\u00e3o e o fortalecimento das exporta\u00e7\u00f5es estaduais. Em uma miss\u00e3o empresarial e institucional, integrantes da Investe Maranh\u00e3o e da ZPE Maranh\u00e3o estiveram no Panam\u00e1 para uma s\u00e9rie de reuni\u00f5es com setores-chave, com o objetivo de fortalecer a imagem do estado internacionalmente e estabelecer novos parceiros comerciais.<\/p>\n\n\n\n<p><\/p>\n\n\n\n<p>Com uma agenda robusta e estrat\u00e9gica, a equipe maranhense iniciou a programa\u00e7\u00e3o fortalecendo o relacionamento institucional com o pa\u00eds. Por meio de encontros com entidades e com o governo panamenho \u2014 incluindo a ag\u00eancia de promo\u00e7\u00e3o de investimentos ProPanam\u00e1, a Embaixada do Brasil e o Minist\u00e9rio do Com\u00e9rcio e Ind\u00fastria do Panam\u00e1 \u2014, o Maranh\u00e3o apresentou seu ambiente de neg\u00f3cios, destacando as oportunidades de investimento, o potencial log\u00edstico e as riquezas naturais do estado. A iniciativa abre caminhos para novos fluxos de com\u00e9rcio, coopera\u00e7\u00e3o econ\u00f4mica e atra\u00e7\u00e3o de investimentos internacionais.<\/p>\n\n\n\n<p><\/p>\n\n\n\n<p>Para o presidente da Investe Maranh\u00e3o, Cau\u00ea Arag\u00e3o, a miss\u00e3o representa mais um passo na estrat\u00e9gia de posicionar o estado no cen\u00e1rio global.<\/p>\n\n\n\n<p><\/p>\n\n\n\n<p>\u201cO Maranh\u00e3o re\u00fane vantagens competitivas importantes, como localiza\u00e7\u00e3o estrat\u00e9gica, infraestrutura log\u00edstica e um ambiente favor\u00e1vel para novos empreendimentos. Nossa presen\u00e7a em agendas internacionais como essa tem o objetivo de apresentar essas oportunidades ao mundo e construir pontes que possam gerar novos investimentos, emprego e desenvolvimento para o estado\u201d, frisou<\/p>\n\n\n\n<p>A miss\u00e3o tamb\u00e9m teve como objetivo realizar visitas t\u00e9cnicas a estruturas log\u00edsticas consolidadas do pa\u00eds. O Canal do Panam\u00e1 \u00e9 uma das rotas mar\u00edtimas mais importantes para o com\u00e9rcio mundial, conectando principalmente a Costa Leste dos Estados Unidos \u00e0 \u00c1sia e \u00e0 Am\u00e9rica do Sul.<\/p>\n\n\n\n<p><\/p>\n\n\n\n<p>A equipe maranhense visitou duas importantes instala\u00e7\u00f5es: as Eclusas de Agua Clara, parte do sistema de eleva\u00e7\u00e3o e passagem de navios pelo Canal do Panam\u00e1, e o Manzanillo International Terminal, um terminal portu\u00e1rio operado pela empresa SSA Marine, localizado na regi\u00e3o de Col\u00f3n.<\/p>\n\n\n\n<p><\/p>\n\n\n\n<p>As visitas t\u00e9cnicas permitiram conhecer de perto o funcionamento de uma das estruturas log\u00edsticas mais relevantes do mundo, fortalecendo a compreens\u00e3o sobre modelos de gest\u00e3o portu\u00e1ria, integra\u00e7\u00e3o log\u00edstica e fluxos internacionais de com\u00e9rcio.<\/p>\n\n\n\n<p><\/p>\n\n\n\n<p>Para a presidente da ZPE Maranh\u00e3o, Rakel Murad, o interc\u00e2mbio de experi\u00eancias com hubs log\u00edsticos internacionais \u00e9 fundamental para o fortalecimento da competitividade do estado.<\/p>\n\n\n\n<p><\/p>\n\n\n\n<p>\u201cO Maranh\u00e3o possui um potencial log\u00edstico muito relevante para o com\u00e9rcio internacional, especialmente no contexto do Arco Norte. Conhecer modelos consolidados, como os que observamos no Panam\u00e1, contribui para aprimorar nossas estrat\u00e9gias e fortalecer iniciativas como a Zona de Processamento de Exporta\u00e7\u00e3o do estado.\u201d<\/p>\n\n\n\n<p><\/p>\n\n\n\n<p>A agenda da miss\u00e3o tamb\u00e9m incluiu reuni\u00f5es e visitas t\u00e9cnicas na Zona Livre de Col\u00f3n, considerada uma das maiores zonas francas do mundo, al\u00e9m de encontros com representantes da C\u00e2mara de Com\u00e9rcio local e com a administra\u00e7\u00e3o da zona econ\u00f4mica.<\/p>\n\n\n\n<p><\/p>\n\n\n\n<p>Outro ponto da programa\u00e7\u00e3o foi a visita \u00e0 \u00e1rea econ\u00f4mica especial Panam\u00e1 Pac\u00edfico, um dos principais polos log\u00edsticos e empresariais do pa\u00eds, onde a delega\u00e7\u00e3o maranhense participou de reuni\u00f5es institucionais e conheceu operadores log\u00edsticos instalados na regi\u00e3o.<\/p>\n\n\n\n<p><\/p>\n\n\n\n<p>A programa\u00e7\u00e3o da miss\u00e3o tamb\u00e9m incluiu a participa\u00e7\u00e3o da delega\u00e7\u00e3o maranhense na Expocomer, uma das principais feiras internacionais de neg\u00f3cios da Am\u00e9rica Latina, realizada no Panam\u00e1. Durante o evento, foram realizadas visitas a estandes, reuni\u00f5es com representantes empresariais e atividades de networking com empresas e institui\u00e7\u00f5es internacionais, ampliando a visibilidade do Maranh\u00e3o no ambiente global de neg\u00f3cios.<\/p>\n\n\n\n<p><\/p>\n\n\n\n<p>A equipe maranhense que realizou a viagem ao Panam\u00e1 foi formada pelos presidentes Cau\u00ea Arag\u00e3o, da Investe Maranh\u00e3o, e Rakel Murad, da ZPE Maranh\u00e3o, al\u00e9m dos assessores Liana Baker, Jo\u00e3o Victor Pimenta e Eduardo Neves.<\/p>\n\n\n\n<p><\/p>\n\n\n\n<p>As agendas refor\u00e7am o compromisso do Maranh\u00e3o em ampliar sua inser\u00e7\u00e3o no com\u00e9rcio internacional e fortalecer conex\u00f5es estrat\u00e9gicas que contribuam para a atra\u00e7\u00e3o de investimentos, a expans\u00e3o das exporta\u00e7\u00f5es e o desenvolvimento econ\u00f4mico do estado.<\/p>\n\n\n\n<p><\/p>\n\n\n\n<p><strong>A Investe Maranh\u00e3o<\/strong><\/p>\n\n\n\n<p><\/p>\n\n\n\n<p>A Investe Maranh\u00e3o \u2014 Ag\u00eancia de Desenvolvimento do Estado do Maranh\u00e3o, presidida pelo advogado Cau\u00ea Arag\u00e3o \u2014 \u00e9 respons\u00e1vel por atrair novos investimentos, promover o estado em n\u00edvel nacional e internacional, auxiliar na implanta\u00e7\u00e3o de novos empreendimentos e impulsionar o crescimento econ\u00f4mico.<\/p>\n\n\n\n<p><\/p>\n\n\n\n<p>A ag\u00eancia atua com atendimento personalizado, auxiliando investidores na identifica\u00e7\u00e3o de oportunidades, na interlocu\u00e7\u00e3o com \u00f3rg\u00e3os p\u00fablicos e institui\u00e7\u00f5es privadas e na media\u00e7\u00e3o de processos regulat\u00f3rios, ambientais e fazend\u00e1rios.<\/p>\n\n\n\n<p><\/p>\n\n\n\n<p>A Investe Maranh\u00e3o se destaca pela capacidade de acesso a dados econ\u00f4micos, demogr\u00e1ficos e estrat\u00e9gicos, atuando como uma fonte confi\u00e1vel de informa\u00e7\u00f5es para a tomada de decis\u00e3o empresarial.<\/p>\n\n\n\n<p>Contando com uma s\u00f3lida rede de parcerias com o Governo do Estado, o setor produtivo, institui\u00e7\u00f5es financeiras, bancos de desenvolvimento e ag\u00eancias internacionais, a institui\u00e7\u00e3o consolida-se como o principal ponto de apoio para quem deseja investir no Maranh\u00e3o.<\/p>\n\n\n\n<p><\/p>\n\n\n\n<p><a href=\"https:\/\/www.ma.gov.br\/noticias\/missao-empresarial-aproxima-maranhao-do-panama-e-abre-novas-oportunidades-comerciais\" data-type=\"link\" data-id=\"https:\/\/www.ma.gov.br\/noticias\/missao-empresarial-aproxima-maranhao-do-panama-e-abre-novas-oportunidades-comerciais\">Leia mais<\/a><\/p>\n\n\n\n<p><\/p>\n\n\n\n<p>Fonte: Governo do Maranh\u00e3o<\/p>\n\n\n\n<p><\/p>\n","protected":false},"excerpt":{"rendered":"<p><small> 5 minutos<\/small> 17\/03\/2026 \u00a0Integrantes da Investe Maranh\u00e3o e da ZPE Maranh\u00e3o realizaram uma s\u00e9rie de reuni\u00f5es com setores-chave, com o objetivo de fortalecer a imagem do estado internacionalmente (Foto: Divulga\u00e7\u00e3o) O Maranh\u00e3o tem buscado novas parcerias comerciais importantes para o avan\u00e7o da industrializa\u00e7\u00e3o e o fortalecimento das exporta\u00e7\u00f5es estaduais. Em uma miss\u00e3o empresarial e institucional, integrantes da Investe Maranh\u00e3o e da ZPE Maranh\u00e3o estiveram no Panam\u00e1 para uma s\u00e9rie de reuni\u00f5es com setores-chave, com o objetivo de fortalecer a imagem do estado internacionalmente e <a href=\"https:\/\/www.abrazpe.org.br\/index.php\/2026\/03\/17\/missao-empresarial-aproxima-maranhao-do-panama-e-abre-novas-oportunidades-comerciais\/\" class=\"more-link\"><span>Continue lendo<\/span>\u2192<\/a><\/p>\n","protected":false},"author":3,"featured_media":8844,"comment_status":"closed","ping_status":"open","sticky":false,"template":"","format":"standard","meta":{"footnotes":""},"categories":[7],"tags":[139,108],"class_list":["entry","author-adm_fb2018","post-8843","post","type-post","status-publish","format-standard","has-post-thumbnail","category-noticias","tag-maranhao","tag-panama"],"_links":{"self":[{"href":"https:\/\/www.abrazpe.org.br\/index.php\/wp-json\/wp\/v2\/posts\/8843","targetHints":{"allow":["GET"]}}],"collection":[{"href":"https:\/\/www.abrazpe.org.br\/index.php\/wp-json\/wp\/v2\/posts"}],"about":[{"href":"https:\/\/www.abrazpe.org.br\/index.php\/wp-json\/wp\/v2\/types\/post"}],"author":[{"embeddable":true,"href":"https:\/\/www.abrazpe.org.br\/index.php\/wp-json\/wp\/v2\/users\/3"}],"replies":[{"embeddable":true,"href":"https:\/\/www.abrazpe.org.br\/index.php\/wp-json\/wp\/v2\/comments?post=8843"}],"version-history":[{"count":1,"href":"https:\/\/www.abrazpe.org.br\/index.php\/wp-json\/wp\/v2\/posts\/8843\/revisions"}],"predecessor-version":[{"id":8845,"href":"https:\/\/www.abrazpe.org.br\/index.php\/wp-json\/wp\/v2\/posts\/8843\/revisions\/8845"}],"wp:featuredmedia":[{"embeddable":true,"href":"https:\/\/www.abrazpe.org.br\/index.php\/wp-json\/wp\/v2\/media\/8844"}],"wp:attachment":[{"href":"https:\/\/www.abrazpe.org.br\/index.php\/wp-json\/wp\/v2\/media?parent=8843"}],"wp:term":[{"taxonomy":"category","embeddable":true,"href":"https:\/\/www.abrazpe.org.br\/index.php\/wp-json\/wp\/v2\/categories?post=8843"},{"taxonomy":"post_tag","embeddable":true,"href":"https:\/\/www.abrazpe.org.br\/index.php\/wp-json\/wp\/v2\/tags?post=8843"}],"curies":[{"name":"wp","href":"https:\/\/api.w.org\/{rel}","templated":true}]}}