{"id":8846,"date":"2026-03-17T19:48:21","date_gmt":"2026-03-17T22:48:21","guid":{"rendered":"https:\/\/www.abrazpe.org.br\/?p=8846"},"modified":"2026-03-17T19:48:24","modified_gmt":"2026-03-17T22:48:24","slug":"facic-promove-palestra-sobre-impactos-do-datacenter-do-tiktok-no-pecem","status":"publish","type":"post","link":"https:\/\/www.abrazpe.org.br\/index.php\/2026\/03\/17\/facic-promove-palestra-sobre-impactos-do-datacenter-do-tiktok-no-pecem\/","title":{"rendered":"FACIC promove palestra sobre impactos do Datacenter do TikTok no Pec\u00e9m"},"content":{"rendered":"<p class=\"estimated-read-time\">Tempo de leitura:<small> 1 minuto<\/small><\/p> \n<p><em>Leia mais em<\/em> https:\/\/www.trendsce.com.br\/2026\/03\/17\/facic-promove-palestra-sobre-impactos-do-datacenter-do-tiktok-no-pecem\/<\/p>\n\n\n\n<figure class=\"wp-block-image size-large\"><img loading=\"lazy\" decoding=\"async\" width=\"1024\" height=\"576\" src=\"https:\/\/www.abrazpe.org.br\/wp-content\/uploads\/2026\/03\/setor-de-data-centers-nos-eua-abre-nova-fronteira-para-investimentos-em-energia-trends-ce-1110x624-1-1024x576.webp\" alt=\"\" class=\"wp-image-8847\" srcset=\"https:\/\/www.abrazpe.org.br\/wp-content\/uploads\/2026\/03\/setor-de-data-centers-nos-eua-abre-nova-fronteira-para-investimentos-em-energia-trends-ce-1110x624-1-1024x576.webp 1024w, https:\/\/www.abrazpe.org.br\/wp-content\/uploads\/2026\/03\/setor-de-data-centers-nos-eua-abre-nova-fronteira-para-investimentos-em-energia-trends-ce-1110x624-1-300x169.webp 300w, https:\/\/www.abrazpe.org.br\/wp-content\/uploads\/2026\/03\/setor-de-data-centers-nos-eua-abre-nova-fronteira-para-investimentos-em-energia-trends-ce-1110x624-1-768x432.webp 768w, https:\/\/www.abrazpe.org.br\/wp-content\/uploads\/2026\/03\/setor-de-data-centers-nos-eua-abre-nova-fronteira-para-investimentos-em-energia-trends-ce-1110x624-1-304x170.webp 304w, https:\/\/www.abrazpe.org.br\/wp-content\/uploads\/2026\/03\/setor-de-data-centers-nos-eua-abre-nova-fronteira-para-investimentos-em-energia-trends-ce-1110x624-1-370x208.webp 370w, https:\/\/www.abrazpe.org.br\/wp-content\/uploads\/2026\/03\/setor-de-data-centers-nos-eua-abre-nova-fronteira-para-investimentos-em-energia-trends-ce-1110x624-1-970x545.webp 970w, https:\/\/www.abrazpe.org.br\/wp-content\/uploads\/2026\/03\/setor-de-data-centers-nos-eua-abre-nova-fronteira-para-investimentos-em-energia-trends-ce-1110x624-1.webp 1110w\" sizes=\"auto, (max-width: 1024px) 100vw, 1024px\" \/><\/figure>\n\n\n\n<p><em>A instala\u00e7\u00e3o do datacenter do TikTok no Complexo do Pec\u00e9m insere o Cear\u00e1 em um movimento global de expans\u00e3o da infraestrutura digital. (Foto: Envato Elements)<\/em><\/p>\n\n\n\n<p><\/p>\n\n\n\n<p>A Federa\u00e7\u00e3o das Associa\u00e7\u00f5es do Com\u00e9rcio, Ind\u00fastria, Servi\u00e7os e Agropecu\u00e1ria do Cear\u00e1 (FACIC) realiza nesta quarta-feira (18), em Fortaleza, uma palestra sobre os impactos da instala\u00e7\u00e3o do datacenter do TikTok no Complexo Industrial e Portu\u00e1rio do Pec\u00e9m (CIPP).<\/p>\n\n\n\n<p><\/p>\n\n\n\n<p>O encontro ocorre no Pal\u00e1cio do Com\u00e9rcio, no Centro da capital, e reunir\u00e1 empres\u00e1rios, lideran\u00e7as institucionais e representantes do setor produtivo para discutir efeitos econ\u00f4micos e tecnol\u00f3gicos do investimento no Cear\u00e1.<\/p>\n\n\n\n<p><\/p>\n\n\n\n<p>O evento contar\u00e1 com a participa\u00e7\u00e3o de F\u00e1bio Feij\u00f3, presidente da Zona de Processamento de Exporta\u00e7\u00e3o do Cear\u00e1 (ZPE Cear\u00e1). A programa\u00e7\u00e3o integra a agenda institucional da entidade presidida por Cid Alves e busca ampliar o debate entre o empresariado sobre os efeitos da implanta\u00e7\u00e3o do datacenter do TikTok no Pec\u00e9m.<\/p>\n\n\n\n<p><\/p>\n\n\n\n<p>A instala\u00e7\u00e3o do datacenter do TikTok no Complexo do Pec\u00e9m insere o Cear\u00e1 em um movimento global de expans\u00e3o da infraestrutura digital. Al\u00e9m disso, a presen\u00e7a de centros de dados demanda energia, conectividade e servi\u00e7os especializados, fatores que influenciam cadeias produtivas e atra\u00e7\u00e3o de novos investimentos.<\/p>\n\n\n\n<p><\/p>\n\n\n\n<p>Segundo Cid Alves, o encontro permitir\u00e1 ao setor empresarial compreender as dimens\u00f5es do projeto e seus efeitos na economia regional. \u201cEstamos diante de um projeto que pode gerar importantes desdobramentos para o desenvolvimento econ\u00f4mico do Cear\u00e1. A FACIC busca promover esse di\u00e1logo para que o empresariado esteja informado e preparado para aproveitar as oportunidades que surgir\u00e3o a partir desse novo cen\u00e1rio\u201d, afirma.<\/p>\n\n\n\n<p><\/p>\n\n\n\n<p>O debate promovido pela FACIC ocorre em um momento de amplia\u00e7\u00e3o de investimentos em infraestrutura digital no Cear\u00e1. O CIPP concentra projetos industriais e log\u00edsticos ligados a energia, tecnologia e com\u00e9rcio exterior, o que amplia o interesse do setor produtivo pelo datacenter do TikTok.<\/p>\n\n\n\n<p><\/p>\n\n\n\n<p>Fonte: <a href=\"https:\/\/www.trendsce.com.br\">https:\/\/www.trendsce.com.br<\/a><\/p>\n","protected":false},"excerpt":{"rendered":"<p><small> 1 minuto<\/small> Leia mais em https:\/\/www.trendsce.com.br\/2026\/03\/17\/facic-promove-palestra-sobre-impactos-do-datacenter-do-tiktok-no-pecem\/ A instala\u00e7\u00e3o do datacenter do TikTok no Complexo do Pec\u00e9m insere o Cear\u00e1 em um movimento global de expans\u00e3o da infraestrutura digital. (Foto: Envato Elements) A Federa\u00e7\u00e3o das Associa\u00e7\u00f5es do Com\u00e9rcio, Ind\u00fastria, Servi\u00e7os e Agropecu\u00e1ria do Cear\u00e1 (FACIC) realiza nesta quarta-feira (18), em Fortaleza, uma palestra sobre os impactos da instala\u00e7\u00e3o do datacenter do TikTok no Complexo Industrial e Portu\u00e1rio do Pec\u00e9m (CIPP). O encontro ocorre no Pal\u00e1cio do Com\u00e9rcio, no Centro da capital, e reunir\u00e1 empres\u00e1rios, lideran\u00e7as <a href=\"https:\/\/www.abrazpe.org.br\/index.php\/2026\/03\/17\/facic-promove-palestra-sobre-impactos-do-datacenter-do-tiktok-no-pecem\/\" class=\"more-link\"><span>Continue lendo<\/span>\u2192<\/a><\/p>\n","protected":false},"author":3,"featured_media":8847,"comment_status":"closed","ping_status":"open","sticky":false,"template":"","format":"standard","meta":{"footnotes":""},"categories":[11],"tags":[82,226],"class_list":["entry","author-adm_fb2018","post-8846","post","type-post","status-publish","format-standard","has-post-thumbnail","category-eventos","tag-ceara","tag-data-center"],"_links":{"self":[{"href":"https:\/\/www.abrazpe.org.br\/index.php\/wp-json\/wp\/v2\/posts\/8846","targetHints":{"allow":["GET"]}}],"collection":[{"href":"https:\/\/www.abrazpe.org.br\/index.php\/wp-json\/wp\/v2\/posts"}],"about":[{"href":"https:\/\/www.abrazpe.org.br\/index.php\/wp-json\/wp\/v2\/types\/post"}],"author":[{"embeddable":true,"href":"https:\/\/www.abrazpe.org.br\/index.php\/wp-json\/wp\/v2\/users\/3"}],"replies":[{"embeddable":true,"href":"https:\/\/www.abrazpe.org.br\/index.php\/wp-json\/wp\/v2\/comments?post=8846"}],"version-history":[{"count":1,"href":"https:\/\/www.abrazpe.org.br\/index.php\/wp-json\/wp\/v2\/posts\/8846\/revisions"}],"predecessor-version":[{"id":8848,"href":"https:\/\/www.abrazpe.org.br\/index.php\/wp-json\/wp\/v2\/posts\/8846\/revisions\/8848"}],"wp:featuredmedia":[{"embeddable":true,"href":"https:\/\/www.abrazpe.org.br\/index.php\/wp-json\/wp\/v2\/media\/8847"}],"wp:attachment":[{"href":"https:\/\/www.abrazpe.org.br\/index.php\/wp-json\/wp\/v2\/media?parent=8846"}],"wp:term":[{"taxonomy":"category","embeddable":true,"href":"https:\/\/www.abrazpe.org.br\/index.php\/wp-json\/wp\/v2\/categories?post=8846"},{"taxonomy":"post_tag","embeddable":true,"href":"https:\/\/www.abrazpe.org.br\/index.php\/wp-json\/wp\/v2\/tags?post=8846"}],"curies":[{"name":"wp","href":"https:\/\/api.w.org\/{rel}","templated":true}]}}