{"id":8963,"date":"2026-04-27T14:21:06","date_gmt":"2026-04-27T17:21:06","guid":{"rendered":"https:\/\/www.abrazpe.org.br\/?p=8963"},"modified":"2026-04-27T14:21:08","modified_gmt":"2026-04-27T17:21:08","slug":"rafael-sa-quem-e-o-novo-presidente-da-zpe-ceara","status":"publish","type":"post","link":"https:\/\/www.abrazpe.org.br\/index.php\/2026\/04\/27\/rafael-sa-quem-e-o-novo-presidente-da-zpe-ceara\/","title":{"rendered":"Rafael S\u00e1: quem \u00e9 o novo presidente da ZPE Cear\u00e1?"},"content":{"rendered":"<p class=\"estimated-read-time\">Tempo de leitura:<small> 2 minutos<\/small><\/p> \n<p>Rafael S\u00e1 tomou posse como presidente da Zona de Processamento de Exporta\u00e7\u00e3o do Cear\u00e1 (ZPE Cear\u00e1) na \u00faltima sexta-feira (24), em cerim\u00f4nia realizada na sede administrativa da companhia, em S\u00e3o Gon\u00e7alo do Amarante. O evento reuniu autoridades dos poderes Executivo e Legislativo, al\u00e9m de representantes de institui\u00e7\u00f5es ligadas ao desenvolvimento econ\u00f4mico do Estado. A mudan\u00e7a ocorre ap\u00f3s a sa\u00edda de F\u00e1bio Feij\u00f3, que deixou o cargo para assumir a Secretaria do Desenvolvimento Econ\u00f4mico do Cear\u00e1 (SDE).<\/p>\n\n\n\n<p>Rafael S\u00e1 declarou que a chegada ao comando da Companhia inaugura um novo ciclo, com prioridade para atra\u00e7\u00e3o de investimentos, integra\u00e7\u00e3o institucional e amplia\u00e7\u00e3o do ambiente de neg\u00f3cios. \u201cPretendo conduzir essa miss\u00e3o com di\u00e1logo permanente, esp\u00edrito colaborativo e foco em resultados. Atuaremos de maneira integrada com o Governo do Estado, atrav\u00e9s da SDE, com o CIPP, setor produtivo, investidores e com o qualificado time da ZPE\u201d, afirmou.<\/p>\n\n\n\n<p>O novo presidente tem trajet\u00f3ria no setor p\u00fablico e atua\u00e7\u00e3o jur\u00eddica, com passagem pelo Conselho Diretor da Ag\u00eancia Reguladora do Estado do Cear\u00e1 (ARCE). Esse hist\u00f3rico refor\u00e7a sua atua\u00e7\u00e3o em temas regulat\u00f3rios e institucionais, al\u00e9m de interlocu\u00e7\u00e3o com agentes econ\u00f4micos.<\/p>\n\n\n\n<p>Feij\u00f3 destacou a import\u00e2ncia da continuidade das pol\u00edticas p\u00fablicas e citou o papel da ZPE Cear\u00e1 na estrat\u00e9gia estadual. \u201cAprendi que a pol\u00edtica \u00e9 cheia de s\u00edmbolos e gestos. E o Rafael est\u00e1 vindo tomar posse com a esposa e os filhos. \u00c9 s\u00f3 faz isso quem quer realmente fazer diferente\u201d, disse.<\/p>\n\n\n\n<h3 class=\"wp-block-heading\">Integra\u00e7\u00e3o e novos projetos<\/h3>\n\n\n\n<p>Max Quintino, presidente do Complexo do Pec\u00e9m, ressaltou a atua\u00e7\u00e3o conjunta entre o complexo industrial e a ZPE Cear\u00e1, apontando a integra\u00e7\u00e3o como diferencial competitivo para atrair investimentos. Segundo ele, a coordena\u00e7\u00e3o entre as institui\u00e7\u00f5es contribui para o posicionamento do Cear\u00e1 no cen\u00e1rio nacional e internacional, especialmente em setores industriais e log\u00edsticos.<\/p>\n\n\n\n<p>O senador Cid Gomes destacou a trajet\u00f3ria de Rafael S\u00e1 e relacionou sua atua\u00e7\u00e3o ao desenvolvimento do Estado. \u201cNa minha idade hoje, tudo o que eu me sinto na obriga\u00e7\u00e3o de fazer \u00e9 identificar e estimular pessoas que t\u00eam um esp\u00edrito p\u00fablico e que v\u00e3o prestar servi\u00e7o para a gente construir um Cear\u00e1 melhor, para a gente construir um Brasil melhor. E o Rafael, com certeza, j\u00e1 vem dando e vai dar ainda uma parcela grande de contribui\u00e7\u00e3o para esse objetivo\u201d, afirmou.<\/p>\n\n\n\n<p>Participaram da cerim\u00f4nia autoridades como o presidente da Assembleia Legislativa do Cear\u00e1 (Alece), Romeu Aldigueri; a vice-prefeita de Fortaleza, Gabriella Aguiar; e a secret\u00e1ria dos Direitos Humanos do Cear\u00e1 (SDH), Socorro Fran\u00e7a. Tamb\u00e9m estiveram presentes representantes do Executivo estadual, como o secret\u00e1rio da Infraestrutura (Seinfra), H\u00e9lio Leit\u00e3o, e o presidente da Ag\u00eancia de Desenvolvimento do Estado do Cear\u00e1 (Adece), Danilo Serpa.<\/p>\n\n\n\n<p class=\"has-small-font-size\"><strong>Fonte: TrendsCE | Foto: Divulga\u00e7\u00e3o\/Casa Civil<\/strong><\/p>\n","protected":false},"excerpt":{"rendered":"<p><small> 2 minutos<\/small> Rafael S\u00e1 tomou posse como presidente da Zona de Processamento de Exporta\u00e7\u00e3o do Cear\u00e1 (ZPE Cear\u00e1) na \u00faltima sexta-feira (24), em cerim\u00f4nia realizada na sede administrativa da companhia, em S\u00e3o Gon\u00e7alo do Amarante. O evento reuniu autoridades dos poderes Executivo e Legislativo, al\u00e9m de representantes de institui\u00e7\u00f5es ligadas ao desenvolvimento econ\u00f4mico do Estado. A mudan\u00e7a ocorre ap\u00f3s a sa\u00edda de F\u00e1bio Feij\u00f3, que deixou o cargo para assumir a Secretaria do Desenvolvimento Econ\u00f4mico do Cear\u00e1 (SDE). Rafael S\u00e1 declarou que a chegada <a href=\"https:\/\/www.abrazpe.org.br\/index.php\/2026\/04\/27\/rafael-sa-quem-e-o-novo-presidente-da-zpe-ceara\/\" class=\"more-link\"><span>Continue lendo<\/span>\u2192<\/a><\/p>\n","protected":false},"author":6,"featured_media":8964,"comment_status":"closed","ping_status":"open","sticky":false,"template":"","format":"standard","meta":{"footnotes":""},"categories":[7],"tags":[72,82,80,74],"class_list":["entry","author-fpx","post-8963","post","type-post","status-publish","format-standard","has-post-thumbnail","category-noticias","tag-abrazpe","tag-ceara","tag-comercio-exterior","tag-zpe"],"_links":{"self":[{"href":"https:\/\/www.abrazpe.org.br\/index.php\/wp-json\/wp\/v2\/posts\/8963","targetHints":{"allow":["GET"]}}],"collection":[{"href":"https:\/\/www.abrazpe.org.br\/index.php\/wp-json\/wp\/v2\/posts"}],"about":[{"href":"https:\/\/www.abrazpe.org.br\/index.php\/wp-json\/wp\/v2\/types\/post"}],"author":[{"embeddable":true,"href":"https:\/\/www.abrazpe.org.br\/index.php\/wp-json\/wp\/v2\/users\/6"}],"replies":[{"embeddable":true,"href":"https:\/\/www.abrazpe.org.br\/index.php\/wp-json\/wp\/v2\/comments?post=8963"}],"version-history":[{"count":1,"href":"https:\/\/www.abrazpe.org.br\/index.php\/wp-json\/wp\/v2\/posts\/8963\/revisions"}],"predecessor-version":[{"id":8965,"href":"https:\/\/www.abrazpe.org.br\/index.php\/wp-json\/wp\/v2\/posts\/8963\/revisions\/8965"}],"wp:featuredmedia":[{"embeddable":true,"href":"https:\/\/www.abrazpe.org.br\/index.php\/wp-json\/wp\/v2\/media\/8964"}],"wp:attachment":[{"href":"https:\/\/www.abrazpe.org.br\/index.php\/wp-json\/wp\/v2\/media?parent=8963"}],"wp:term":[{"taxonomy":"category","embeddable":true,"href":"https:\/\/www.abrazpe.org.br\/index.php\/wp-json\/wp\/v2\/categories?post=8963"},{"taxonomy":"post_tag","embeddable":true,"href":"https:\/\/www.abrazpe.org.br\/index.php\/wp-json\/wp\/v2\/tags?post=8963"}],"curies":[{"name":"wp","href":"https:\/\/api.w.org\/{rel}","templated":true}]}}