{"id":8974,"date":"2026-05-03T08:56:29","date_gmt":"2026-05-03T11:56:29","guid":{"rendered":"https:\/\/www.abrazpe.org.br\/?p=8974"},"modified":"2026-05-03T08:56:30","modified_gmt":"2026-05-03T11:56:30","slug":"sde-e-zpe-alinham-detalhes-do-maior-data-center-da-america-latina-no-ceara-investimento-de-us-2-bilhoes-promete-revolucionar-economia-cearense","status":"publish","type":"post","link":"https:\/\/www.abrazpe.org.br\/index.php\/2026\/05\/03\/sde-e-zpe-alinham-detalhes-do-maior-data-center-da-america-latina-no-ceara-investimento-de-us-2-bilhoes-promete-revolucionar-economia-cearense\/","title":{"rendered":"SDE e ZPE alinham detalhes do maior Data Center da Am\u00e9rica Latina no Cear\u00e1; investimento de US$ 2 bilh\u00f5es promete revolucionar economia cearense"},"content":{"rendered":"<p class=\"estimated-read-time\">Tempo de leitura:<small> 3 minutos<\/small><\/p> \n<p>O Governo do Cear\u00e1, por meio da Secretaria do Desenvolvimento Econ\u00f4mico (SDE), consolidou detalhes de um projeto hist\u00f3rico para a infraestrutura digital do pa\u00eds. Em reuni\u00e3o na sede da SDE, o secret\u00e1rio F\u00e1bio Feij\u00f3, o presidente da Zona de Processamento de Exporta\u00e7\u00e3o (ZPE), Rafael S\u00e1, e o presidente da Omnia Data Centers, Rodrigo Abreu, alinharam os pr\u00f3ximos passos para a instala\u00e7\u00e3o do maior Data Center da Am\u00e9rica Latina.<\/p>\n\n\n\n<p>Com um investimento estimado na ordem de 2 bilh\u00f5es de d\u00f3lares, a estrutura do complexo de dados contar\u00e1 com dois grandes edif\u00edcios que somam quase 150 mil metros quadrados de \u00e1rea constru\u00edda \u2014 sendo 75 mil m\u00b2 cada \u2014 e ter\u00e1 uma capacidade de 200 megawatts de processamento de dados. Para sustentar essa opera\u00e7\u00e3o, a demanda ser\u00e1 de 300 megawatts de energia, o que refor\u00e7a o Complexo do Pec\u00e9m como um consolidado polo eletrointensivo.<\/p>\n\n\n\n<figure class=\"wp-block-image size-large\"><img loading=\"lazy\" decoding=\"async\" width=\"1024\" height=\"683\" src=\"https:\/\/www.abrazpe.org.br\/wp-content\/uploads\/2026\/05\/image-1024x683.png\" alt=\"\" class=\"wp-image-8975\" srcset=\"https:\/\/www.abrazpe.org.br\/wp-content\/uploads\/2026\/05\/image-1024x683.png 1024w, https:\/\/www.abrazpe.org.br\/wp-content\/uploads\/2026\/05\/image-300x200.png 300w, https:\/\/www.abrazpe.org.br\/wp-content\/uploads\/2026\/05\/image-768x512.png 768w, https:\/\/www.abrazpe.org.br\/wp-content\/uploads\/2026\/05\/image-370x247.png 370w, https:\/\/www.abrazpe.org.br\/wp-content\/uploads\/2026\/05\/image-970x647.png 970w, https:\/\/www.abrazpe.org.br\/wp-content\/uploads\/2026\/05\/image.png 1536w\" sizes=\"auto, (max-width: 1024px) 100vw, 1024px\" \/><\/figure>\n\n\n\n<p>Durante o encontro, o secret\u00e1rio F\u00e1bio Feij\u00f3 destacou o perfeito alinhamento entre as pol\u00edticas de atra\u00e7\u00e3o de neg\u00f3cios do Estado e o planejamento da Omnia. Segundo o titular da SDE, o investimento \u00e9 um divisor de \u00e1guas para a economia cearense.<\/p>\n\n\n\n<p>\u201cEste encontro reafirma o compromisso do Cear\u00e1 em ser um protagonista global na economia digital. O alinhamento entre SDE, ZPE e Omnia \u00e9 total, pois entendemos que um investimento dessa magnitude n\u00e3o apenas gera receita, mas abre um leque de novas oportunidades para todo o ecossistema produtivo e para os cearenses. Estamos pavimentando o caminho para o desenvolvimento econ\u00f4mico sustent\u00e1vel, focado em tecnologia e inova\u00e7\u00e3o\u201d, afirmou F\u00e1bio Feij\u00f3.<\/p>\n\n\n\n<p>Localizado estrategicamente dentro da ZPE, no Complexo Industrial e Portu\u00e1rio do Pec\u00e9m, o projeto inaugura uma nova voca\u00e7\u00e3o para o Estado: a exporta\u00e7\u00e3o de servi\u00e7os tecnol\u00f3gicos.<\/p>\n\n\n\n<p>Para o presidente da ZPE, Rafael S\u00e1, a Companhia \u00e9 estrat\u00e9gica na atra\u00e7\u00e3o de investimentos inovadores, como o projeto de data center voltado \u00e0 exporta\u00e7\u00e3o de servi\u00e7os. \u201cTrata-se de um novo ciclo de desenvolvimento, que amplia a inser\u00e7\u00e3o do Estado nas cadeias globais de valor com base em tecnologia, conectividade e seguran\u00e7a jur\u00eddica. Em parceria com a SDE e investidores de longo prazo, estamos estruturando um ambiente competitivo e sustent\u00e1vel, capaz de atrair grandes opera\u00e7\u00f5es internacionais e gerar emprego qualificado, inova\u00e7\u00e3o e diversifica\u00e7\u00e3o econ\u00f4mica\u201d.<\/p>\n\n\n\n<p>\u201cEstamos ajudando a criar um polo exportador de servi\u00e7os dentro do Cear\u00e1. Este campus ser\u00e1 usado para a exporta\u00e7\u00e3o de processamento de dados, ent\u00e3o n\u00f3s estamos ajudando aqui tamb\u00e9m a criar um polo exportador de servi\u00e7o dentro do Estado, colocando o Porto do Pec\u00e9m e a ZPE no radar dos grandes players globais\u201d, destacou Rodrigo Abreu, presidente da Omnia.<\/p>\n\n\n\n<h3 class=\"wp-block-heading\">Impacto estrat\u00e9gico<\/h3>\n\n\n\n<p>A chegada da Omnia consolida o Cear\u00e1 como uma pot\u00eancia de armazenamento e intelig\u00eancia. A utiliza\u00e7\u00e3o do regime de ZPE permite que o processamento de dados realizado em solo cearense seja exportado com competitividade global, atraindo divisas e gerando empregos de alt\u00edssima qualifica\u00e7\u00e3o t\u00e9cnica, transformando o perfil socioecon\u00f4mico do estado e inaugurando a voca\u00e7\u00e3o do polo para absorver campos globais de processamento de dados.<\/p>\n\n\n\n<p class=\"has-small-font-size\"><strong>Fonte\/Foto: Divulga\u00e7\u00e3o\/Governo do CE<\/strong><\/p>\n","protected":false},"excerpt":{"rendered":"<p><small> 3 minutos<\/small> O Governo do Cear\u00e1, por meio da Secretaria do Desenvolvimento Econ\u00f4mico (SDE), consolidou detalhes de um projeto hist\u00f3rico para a infraestrutura digital do pa\u00eds. Em reuni\u00e3o na sede da SDE, o secret\u00e1rio F\u00e1bio Feij\u00f3, o presidente da Zona de Processamento de Exporta\u00e7\u00e3o (ZPE), Rafael S\u00e1, e o presidente da Omnia Data Centers, Rodrigo Abreu, alinharam os pr\u00f3ximos passos para a instala\u00e7\u00e3o do maior Data Center da Am\u00e9rica Latina. Com um investimento estimado na ordem de 2 bilh\u00f5es de d\u00f3lares, a estrutura do <a href=\"https:\/\/www.abrazpe.org.br\/index.php\/2026\/05\/03\/sde-e-zpe-alinham-detalhes-do-maior-data-center-da-america-latina-no-ceara-investimento-de-us-2-bilhoes-promete-revolucionar-economia-cearense\/\" class=\"more-link\"><span>Continue lendo<\/span>\u2192<\/a><\/p>\n","protected":false},"author":6,"featured_media":8976,"comment_status":"closed","ping_status":"open","sticky":false,"template":"","format":"standard","meta":{"footnotes":""},"categories":[7],"tags":[72,82,80,74],"class_list":["entry","author-fpx","post-8974","post","type-post","status-publish","format-standard","has-post-thumbnail","category-noticias","tag-abrazpe","tag-ceara","tag-comercio-exterior","tag-zpe"],"_links":{"self":[{"href":"https:\/\/www.abrazpe.org.br\/index.php\/wp-json\/wp\/v2\/posts\/8974","targetHints":{"allow":["GET"]}}],"collection":[{"href":"https:\/\/www.abrazpe.org.br\/index.php\/wp-json\/wp\/v2\/posts"}],"about":[{"href":"https:\/\/www.abrazpe.org.br\/index.php\/wp-json\/wp\/v2\/types\/post"}],"author":[{"embeddable":true,"href":"https:\/\/www.abrazpe.org.br\/index.php\/wp-json\/wp\/v2\/users\/6"}],"replies":[{"embeddable":true,"href":"https:\/\/www.abrazpe.org.br\/index.php\/wp-json\/wp\/v2\/comments?post=8974"}],"version-history":[{"count":1,"href":"https:\/\/www.abrazpe.org.br\/index.php\/wp-json\/wp\/v2\/posts\/8974\/revisions"}],"predecessor-version":[{"id":8977,"href":"https:\/\/www.abrazpe.org.br\/index.php\/wp-json\/wp\/v2\/posts\/8974\/revisions\/8977"}],"wp:featuredmedia":[{"embeddable":true,"href":"https:\/\/www.abrazpe.org.br\/index.php\/wp-json\/wp\/v2\/media\/8976"}],"wp:attachment":[{"href":"https:\/\/www.abrazpe.org.br\/index.php\/wp-json\/wp\/v2\/media?parent=8974"}],"wp:term":[{"taxonomy":"category","embeddable":true,"href":"https:\/\/www.abrazpe.org.br\/index.php\/wp-json\/wp\/v2\/categories?post=8974"},{"taxonomy":"post_tag","embeddable":true,"href":"https:\/\/www.abrazpe.org.br\/index.php\/wp-json\/wp\/v2\/tags?post=8974"}],"curies":[{"name":"wp","href":"https:\/\/api.w.org\/{rel}","templated":true}]}}