{"id":9375,"date":"2026-09-03T09:58:51","date_gmt":"2026-09-03T12:58:51","guid":{"rendered":"https:\/\/www.abrazpe.org.br\/?p=9375"},"modified":"2026-09-03T09:58:52","modified_gmt":"2026-09-03T12:58:52","slug":"receita-federal-visita-zpe-caceres-e-reforca-parceria-para-o-desenvolvimento-das-operacoes-de-comercio-exterior","status":"publish","type":"post","link":"https:\/\/www.abrazpe.org.br\/index.php\/2026\/09\/03\/receita-federal-visita-zpe-caceres-e-reforca-parceria-para-o-desenvolvimento-das-operacoes-de-comercio-exterior\/","title":{"rendered":"Receita Federal visita ZPE C\u00e1ceres e refor\u00e7a parceria para o desenvolvimento das opera\u00e7\u00f5es de com\u00e9rcio exterior"},"content":{"rendered":"<p class=\"estimated-read-time\">Tempo de leitura:<small> 1 minuto<\/small><\/p> \n<p class=\"wp-block-paragraph\">A Zona de Processamento de Exporta\u00e7\u00e3o (ZPE) de C\u00e1ceres deu mais um passo importante em sua consolida\u00e7\u00e3o institucional. O empreendimento recebeu a visita t\u00e9cnica do delegado da Receita Federal, Raimundo Roberto Sari Mendes, acompanhado do inspetor da Receita Federal no munic\u00edpio, Rog\u00e9rio Rigotti, do auditor-fiscal Diego Mendon\u00e7a Rodrigues e do analista-tribut\u00e1rio Marcelo Cubas Porto de Souza.<\/p>\n\n\n\n<p class=\"wp-block-paragraph\">Durante a agenda de integra\u00e7\u00e3o, a comitiva percorreu a infraestrutura local e vistoriou a \u00e1rea aduaneira. O encontro permitiu o alinhamento de fluxos operacionais para importa\u00e7\u00e3o e exporta\u00e7\u00e3o, al\u00e9m da discuss\u00e3o de medidas preventivas que garantam agilidade, efici\u00eancia e seguran\u00e7a \u00e0s rotas comerciais que atender\u00e3o as novas ind\u00fastrias instaladas na ZPE.<\/p>\n\n\n\n<p class=\"wp-block-paragraph\">Na ocasi\u00e3o, a Receita Federal reafirmou seu apoio institucional \u00e0 ZPE C\u00e1ceres, colocando sua equipe t\u00e9cnica \u00e0 disposi\u00e7\u00e3o para prestar orienta\u00e7\u00f5es, esclarecer d\u00favidas normativas e apoiar a formata\u00e7\u00e3o de rotinas seguras para investidores voltados ao mercado internacional.<\/p>\n\n\n\n<p class=\"wp-block-paragraph\"><strong>Ambiente estrat\u00e9gico para industrializa\u00e7\u00e3o e exporta\u00e7\u00e3o<\/strong><\/p>\n\n\n\n<p class=\"wp-block-paragraph\">Com localiza\u00e7\u00e3o privilegiada e um pacote de incentivos fiscais e cambiais atrativos, a ZPE C\u00e1ceres se consolida como um divisor de \u00e1guas para a economia mato-grossense. O objetivo central \u00e9 atrair ind\u00fastrias, agregar valor \u00e0 produ\u00e7\u00e3o prim\u00e1ria do estado, gerar empregos qualificados e expandir a participa\u00e7\u00e3o de Mato Grosso no com\u00e9rcio global.<\/p>\n\n\n\n<p class=\"has-small-font-size wp-block-paragraph\"><strong>Fonte: Express\u00e3o Not\u00edcias | Foto: Divulga\u00e7\u00e3o<\/strong><\/p>\n","protected":false},"excerpt":{"rendered":"<p><small> 1 minuto<\/small> A Zona de Processamento de Exporta\u00e7\u00e3o (ZPE) de C\u00e1ceres deu mais um passo importante em sua consolida\u00e7\u00e3o institucional. O empreendimento recebeu a visita t\u00e9cnica do delegado da Receita Federal, Raimundo Roberto Sari Mendes, acompanhado do inspetor da Receita Federal no munic\u00edpio, Rog\u00e9rio Rigotti, do auditor-fiscal Diego Mendon\u00e7a Rodrigues e do analista-tribut\u00e1rio Marcelo Cubas Porto de Souza. Durante a agenda de integra\u00e7\u00e3o, a comitiva percorreu a infraestrutura local e vistoriou a \u00e1rea aduaneira. O encontro permitiu o alinhamento de fluxos operacionais para importa\u00e7\u00e3o <a href=\"https:\/\/www.abrazpe.org.br\/index.php\/2026\/09\/03\/receita-federal-visita-zpe-caceres-e-reforca-parceria-para-o-desenvolvimento-das-operacoes-de-comercio-exterior\/\" class=\"more-link\"><span>Continue lendo<\/span>\u2192<\/a><\/p>\n","protected":false},"author":6,"featured_media":9376,"comment_status":"closed","ping_status":"open","sticky":false,"template":"","format":"standard","meta":{"footnotes":""},"categories":[7],"tags":[72,64,80],"class_list":["entry","author-fpx","post-9375","post","type-post","status-publish","format-standard","has-post-thumbnail","category-noticias","tag-abrazpe","tag-caceres","tag-comercio-exterior"],"_links":{"self":[{"href":"https:\/\/www.abrazpe.org.br\/index.php\/wp-json\/wp\/v2\/posts\/9375","targetHints":{"allow":["GET"]}}],"collection":[{"href":"https:\/\/www.abrazpe.org.br\/index.php\/wp-json\/wp\/v2\/posts"}],"about":[{"href":"https:\/\/www.abrazpe.org.br\/index.php\/wp-json\/wp\/v2\/types\/post"}],"author":[{"embeddable":true,"href":"https:\/\/www.abrazpe.org.br\/index.php\/wp-json\/wp\/v2\/users\/6"}],"replies":[{"embeddable":true,"href":"https:\/\/www.abrazpe.org.br\/index.php\/wp-json\/wp\/v2\/comments?post=9375"}],"version-history":[{"count":1,"href":"https:\/\/www.abrazpe.org.br\/index.php\/wp-json\/wp\/v2\/posts\/9375\/revisions"}],"predecessor-version":[{"id":9377,"href":"https:\/\/www.abrazpe.org.br\/index.php\/wp-json\/wp\/v2\/posts\/9375\/revisions\/9377"}],"wp:featuredmedia":[{"embeddable":true,"href":"https:\/\/www.abrazpe.org.br\/index.php\/wp-json\/wp\/v2\/media\/9376"}],"wp:attachment":[{"href":"https:\/\/www.abrazpe.org.br\/index.php\/wp-json\/wp\/v2\/media?parent=9375"}],"wp:term":[{"taxonomy":"category","embeddable":true,"href":"https:\/\/www.abrazpe.org.br\/index.php\/wp-json\/wp\/v2\/categories?post=9375"},{"taxonomy":"post_tag","embeddable":true,"href":"https:\/\/www.abrazpe.org.br\/index.php\/wp-json\/wp\/v2\/tags?post=9375"}],"curies":[{"name":"wp","href":"https:\/\/api.w.org\/{rel}","templated":true}]}}